{"id":4498,"date":"2019-02-19T11:00:10","date_gmt":"2019-02-19T09:00:10","guid":{"rendered":"https:\/\/www.lkjbw.de\/blog\/?p=4498"},"modified":"2019-02-28T11:28:22","modified_gmt":"2019-02-28T09:28:22","slug":"gottlieb-daimler-gymnasium-in-stuttgart-bad-cannstatt","status":"publish","type":"post","link":"https:\/\/www.lkjbw.de\/blog\/2019\/02\/gottlieb-daimler-gymnasium-in-stuttgart-bad-cannstatt\/","title":{"rendered":"Gottlieb-Daimler-Gymnasium in Stuttgart-Bad Cannstatt"},"content":{"rendered":"<p>Den Start f\u00fcr Radio im Klassenzimmer 2019 machte am 18. und 19. Februar 2019 das Gottlieb-Daimler-Gymnasium in Stuttgart-Bad Cannstatt. An dieser Schule gibt es eine Journalismus-AG, die es sich zum Ziel gesetzt hat, <img loading=\"lazy\" width=\"300\" height=\"169\" class=\"size-medium wp-image-4503 alignleft colorbox-4498\" src=\"https:\/\/www.lkjbw.de\/blog\/wp-content\/uploads\/2019\/02\/Bild-6-GDG-Cannstatt-klein-300x169.jpg\" alt=\"Bild: Eine Grupppe sitzt um einen Tisch. Dabei ein Laptop, ein Aufnahmeger\u00e4t, Kopfh\u00f6rer, etwas zu Schreiben und lachende Gesichter\" srcset=\"https:\/\/www.lkjbw.de\/blog\/wp-content\/uploads\/2019\/02\/Bild-6-GDG-Cannstatt-klein-300x169.jpg 300w, https:\/\/www.lkjbw.de\/blog\/wp-content\/uploads\/2019\/02\/Bild-6-GDG-Cannstatt-klein-250x140.jpg 250w, https:\/\/www.lkjbw.de\/blog\/wp-content\/uploads\/2019\/02\/Bild-6-GDG-Cannstatt-klein.jpg 600w, https:\/\/www.lkjbw.de\/blog\/wp-content\/uploads\/2019\/02\/Bild-6-GDG-Cannstatt-klein-250x140@2x.jpg 500w\" sizes=\"(max-width: 300px) 100vw, 300px\" \/>journalistisches Handwerk zu erlernen und zu \u00fcben, journalistische Inhalte zu erzeugen und dabei verschiedene Medienformen zu nutzen. Aktuell liegt der Schwerpunkt auf dem Radiobereich \u2014 Dies haben sich die Sch\u00fcler*innen gew\u00fcnscht. Da die Erfahrung zeigt, dass die Verwendung von Technik und Software f\u00fcr viele Sch\u00fcler*innen motivierend sein kann, und sie fit f\u00fcr unsere mediatisierte Welt macht, kam die Schule dem Wunsch sofort entgegen.<\/p>\n<p>Da sich die Gruppe aus vielen Mitgliedern dieser AG zusammensetzte, waren unsere Referenten beeindruckt davon, dass die Sch\u00fcler*innen sehr gut vorbereitet und bereits vertraut waren mit Begriffen wie \u201eRundfunkgeb\u00fchren\u201c, \u201eWerbefinanziert\u201c oder \u201ejournalistischer Kodex\u201c. Auf diesem Fundament aufbauend konnten in den zwei Tagen vier sehr unterschiedliche Beitr\u00e4ge fertiggestellt werden.<\/p>\n<p>&nbsp;<\/p>\n<p><strong>Inklusion: Einbindung statt Ausgrenzung<\/strong><\/p>\n<p>Seit einigen Jahren werden viele Menschen mit Behinderungen oder mit besonderen Eigenheiten nicht mehr in Sonderschulen isoliert, sondern zusammen mit anderen Sch\u00fcler*innen an Regelschulen unterrichtet. Die Gruppe hat mit einer Grundschullehrerin gesprochen, die seit Jahren Inklusionsklassen begleitet und organisiert<\/p>\n<!--[if lt IE 9]><script>document.createElement('audio');<\/script><![endif]-->\n<audio class=\"wp-audio-shortcode\" id=\"audio-4498-1\" preload=\"none\" style=\"width: 100%;\" controls=\"controls\"><source type=\"audio\/mpeg\" src=\"https:\/\/www.lkjbw.de\/blog\/wp-content\/uploads\/2019\/02\/beitrag-inklusion.mp3?_=1\" \/><a href=\"https:\/\/www.lkjbw.de\/blog\/wp-content\/uploads\/2019\/02\/beitrag-inklusion.mp3\">https:\/\/www.lkjbw.de\/blog\/wp-content\/uploads\/2019\/02\/beitrag-inklusion.mp3<\/a><\/audio>\n<p>&nbsp;<\/p>\n<p><strong>Influencer<\/strong><\/p>\n<p>Fr\u00fcher wollten Jugendliche \u201eetwas mit Medien\u201c machen \u2014 heute wollen sie \u201eInfluencer\u201c werden. Influencer haben zwar auch mit Medien zu tun, aber auf sehr spezielle Weise.<\/p>\n<audio class=\"wp-audio-shortcode\" id=\"audio-4498-2\" preload=\"none\" style=\"width: 100%;\" controls=\"controls\"><source type=\"audio\/mpeg\" src=\"https:\/\/www.lkjbw.de\/blog\/wp-content\/uploads\/2019\/02\/Influencer-Psaiko.Dino-.mp3?_=2\" \/><a href=\"https:\/\/www.lkjbw.de\/blog\/wp-content\/uploads\/2019\/02\/Influencer-Psaiko.Dino-.mp3\">https:\/\/www.lkjbw.de\/blog\/wp-content\/uploads\/2019\/02\/Influencer-Psaiko.Dino-.mp3<\/a><\/audio>\n<p>&nbsp;<\/p>\n<p><strong>Fair Trade<\/strong><\/p>\n<p>Das Gottlieb-Daimler-Gymnasium m\u00f6chte eine Fair Trade-Schule werden. Damit wollen Schulleitung und Sch\u00fclerschaft ein Zeichen setzen \u2014 daf\u00fcr, dass es beim Einkaufen nicht immer nur um den billigsten Preis geht, sondern auch um die Frage, wie und wo das jeweilige Produkt entstanden ist.<\/p>\n<audio class=\"wp-audio-shortcode\" id=\"audio-4498-3\" preload=\"none\" style=\"width: 100%;\" controls=\"controls\"><source type=\"audio\/mpeg\" src=\"https:\/\/www.lkjbw.de\/blog\/wp-content\/uploads\/2019\/02\/Fairtrade.mp3?_=3\" \/><a href=\"https:\/\/www.lkjbw.de\/blog\/wp-content\/uploads\/2019\/02\/Fairtrade.mp3\">https:\/\/www.lkjbw.de\/blog\/wp-content\/uploads\/2019\/02\/Fairtrade.mp3<\/a><\/audio>\n<p>&nbsp;<\/p>\n<p><strong>Legalisierung von Cannabis<\/strong><\/p>\n<p>Einstiegsdroge oder harmloses Genussmittel. Seit Jahrzehnten streiten sich Experten, Laien und die Politik \u00fcber positive Aspekte und Gefahren von Cannabis. Im Beitrag kommen Laien zu Wort \u2013 aber auch eine pharmazeutische Fachfrau.<\/p>\n<audio class=\"wp-audio-shortcode\" id=\"audio-4498-4\" preload=\"none\" style=\"width: 100%;\" controls=\"controls\"><source type=\"audio\/mpeg\" src=\"https:\/\/www.lkjbw.de\/blog\/wp-content\/uploads\/2019\/02\/Legalisierung-von-cannabis.mp3?_=4\" \/><a href=\"https:\/\/www.lkjbw.de\/blog\/wp-content\/uploads\/2019\/02\/Legalisierung-von-cannabis.mp3\">https:\/\/www.lkjbw.de\/blog\/wp-content\/uploads\/2019\/02\/Legalisierung-von-cannabis.mp3<\/a><\/audio>\n","protected":false},"excerpt":{"rendered":"<p>Den Start f\u00fcr Radio im Klassenzimmer 2019 machte am 18. und 19. Februar 2019 das Gottlieb-Daimler-Gymnasium in Stuttgart-Bad Cannstatt. An dieser Schule gibt es eine Journalismus-AG, die es sich zum Ziel gesetzt hat, journalistisches Handwerk zu erlernen und zu \u00fcben, journalistische Inhalte zu erzeugen und dabei verschiedene Medienformen zu nutzen. Aktuell liegt der Schwerpunkt auf&#8230; <a class=\"moretag\" href=\"https:\/\/www.lkjbw.de\/blog\/2019\/02\/gottlieb-daimler-gymnasium-in-stuttgart-bad-cannstatt\/\"> weiterlesen &raquo;<\/a><\/p>\n","protected":false},"author":16,"featured_media":4503,"comment_status":"open","ping_status":"open","sticky":false,"template":"","format":"standard","meta":[],"categories":[1],"tags":[],"_links":{"self":[{"href":"https:\/\/www.lkjbw.de\/blog\/wp-json\/wp\/v2\/posts\/4498"}],"collection":[{"href":"https:\/\/www.lkjbw.de\/blog\/wp-json\/wp\/v2\/posts"}],"about":[{"href":"https:\/\/www.lkjbw.de\/blog\/wp-json\/wp\/v2\/types\/post"}],"author":[{"embeddable":true,"href":"https:\/\/www.lkjbw.de\/blog\/wp-json\/wp\/v2\/users\/16"}],"replies":[{"embeddable":true,"href":"https:\/\/www.lkjbw.de\/blog\/wp-json\/wp\/v2\/comments?post=4498"}],"version-history":[{"count":4,"href":"https:\/\/www.lkjbw.de\/blog\/wp-json\/wp\/v2\/posts\/4498\/revisions"}],"predecessor-version":[{"id":4507,"href":"https:\/\/www.lkjbw.de\/blog\/wp-json\/wp\/v2\/posts\/4498\/revisions\/4507"}],"wp:featuredmedia":[{"embeddable":true,"href":"https:\/\/www.lkjbw.de\/blog\/wp-json\/wp\/v2\/media\/4503"}],"wp:attachment":[{"href":"https:\/\/www.lkjbw.de\/blog\/wp-json\/wp\/v2\/media?parent=4498"}],"wp:term":[{"taxonomy":"category","embeddable":true,"href":"https:\/\/www.lkjbw.de\/blog\/wp-json\/wp\/v2\/categories?post=4498"},{"taxonomy":"post_tag","embeddable":true,"href":"https:\/\/www.lkjbw.de\/blog\/wp-json\/wp\/v2\/tags?post=4498"}],"curies":[{"name":"wp","href":"https:\/\/api.w.org\/{rel}","templated":true}]}}