{"id":4564,"date":"2019-03-20T12:29:53","date_gmt":"2019-03-20T10:29:53","guid":{"rendered":"https:\/\/www.lkjbw.de\/blog\/?p=4564"},"modified":"2019-04-23T10:20:40","modified_gmt":"2019-04-23T08:20:40","slug":"karl-friedrich-schimper-gemeinschaftsschule-schwetzingen","status":"publish","type":"post","link":"https:\/\/www.lkjbw.de\/blog\/2019\/03\/karl-friedrich-schimper-gemeinschaftsschule-schwetzingen\/","title":{"rendered":"Karl-Friedrich-Schimper-Gemeinschaftsschule Schwetzingen"},"content":{"rendered":"<p>Am 19. und 20. M\u00e4rz 2019 war unser Projekt Radio im Klassenzimmer zu Gast bei der Radio AG der Karl-Friedrich-Schimper-Gemeinschaftsschule in Schwetzingen. Die Gruppe setzte sich zusammen aus 15 Sch\u00fcler*innen der 5. Und 7. Klassen und arbeitet schon seit Schuljahresbeginn gemeinsam an unterschiedlichen Projekten rund um das Thema Radio.<\/p>\n<p><img loading=\"lazy\" width=\"300\" height=\"169\" class=\"size-medium wp-image-4565 alignleft colorbox-4564\" src=\"https:\/\/www.lkjbw.de\/blog\/wp-content\/uploads\/2019\/03\/Bild-4-300x169.jpg\" alt=\"Bild: Zwei Teilnehmer sitzen gemeinsam mit Kopfh\u00f6rern an einem laptop und schneiden grinsend ihre Aufnahmen zu einem Beitrag zusammen.\" srcset=\"https:\/\/www.lkjbw.de\/blog\/wp-content\/uploads\/2019\/03\/Bild-4-300x169.jpg 300w, https:\/\/www.lkjbw.de\/blog\/wp-content\/uploads\/2019\/03\/Bild-4-768x431.jpg 768w, https:\/\/www.lkjbw.de\/blog\/wp-content\/uploads\/2019\/03\/Bild-4-1024x575.jpg 1024w, https:\/\/www.lkjbw.de\/blog\/wp-content\/uploads\/2019\/03\/Bild-4-250x140.jpg 250w, https:\/\/www.lkjbw.de\/blog\/wp-content\/uploads\/2019\/03\/Bild-4-300x169@2x.jpg 600w, https:\/\/www.lkjbw.de\/blog\/wp-content\/uploads\/2019\/03\/Bild-4-768x431@2x.jpg 1536w, https:\/\/www.lkjbw.de\/blog\/wp-content\/uploads\/2019\/03\/Bild-4-1024x575@2x.jpg 2048w, https:\/\/www.lkjbw.de\/blog\/wp-content\/uploads\/2019\/03\/Bild-4-250x140@2x.jpg 500w\" sizes=\"(max-width: 300px) 100vw, 300px\" \/>So waren die Sch\u00fcler*innen auf das Projekt bereits bestens vorbereitet, hatten sich in Kleingruppen eingeteilt und bereits Themen f\u00fcr ihr Beitr\u00e4ge erarbeitet. Gemeinsam mit unserem Referenten wurden diese besprochen und M\u00f6glichkeiten der auditiven Umsetzung und Darstellung er\u00f6rtert. Im Anschluss formulierten die Sch\u00fcler*innen kleine Einleitungsmoderationen und sammelten mit ihren Aufnahmeger\u00e4ten Stimmen und T\u00f6ne von Fachleuten, Lehrer*innen und Mitsch\u00fcler*innen, um diese am Computer zusammenzuschneiden. Dabei musste eine Gruppe auf die harte Weise lernen, was passiert, wenn man Dateien nicht \u00fcbersichtlich benennt \/oder ablegt \u2013 im schlimmsten Fall von Vorn beginnen. Ein kleiner R\u00fcckschlag, den die Gruppe aber locker wegstecken und trotz der H\u00fcrde ihren tollen Beitrag fertigstellen konnte.<\/p>\n<p>Es entstanden insgesamt f\u00fcnf interessante Beitr\u00e4ge, die die Gruppe bei ihrem anschlie\u00dfenden Besuch beim Radiosender bigFM stolz pr\u00e4sentieren konnte. Bei der F\u00fchrung bekamen die Sch\u00fcler*innen Einblick in nahezu alle Bereiche des Senders, erfuhren von Praktika wie Ausbildungsm\u00f6glichkeiten und durften sogar selbst \u00a0Erproben wie es ist im gro\u00dfen Studio Texte einzusprechen. Zum Abschluss wurde ein kleiner Ausschnitt \u00a0der Beitr\u00e4ge im Radio gesendet, am Sonntagvormittag darauf konnte jeder in Baden-W\u00fcrttemberg sogar drei der Beitr\u00e4ge in voller L\u00e4nge auf bigFM h\u00f6ren. F\u00fcr alle, die das verpasst haben hier die Beitr\u00e4ge zum nachh\u00f6ren:<\/p>\n<p>&nbsp;<\/p>\n<p><strong>Energiespartag<\/strong><\/p>\n<p>Einmal im Jahr gibt es an der Karl-Friedrich-Schimper-Gemeinschaftsschule den Energiespartag, an dem auf alles Verzichtet wird, das Strom ben\u00f6tigt. An einer Schule bedeutet das zum Beispiel: kein Overheadprojektor, kein Kopierger\u00e4t aber auch kein Licht und keine Kaffeemaschine im Lehrerzimmer. Was das ganze noch bedeutet h\u00f6rt ihr im Beitrag:<\/p>\n<!--[if lt IE 9]><script>document.createElement('audio');<\/script><![endif]-->\n<audio class=\"wp-audio-shortcode\" id=\"audio-4564-1\" preload=\"none\" style=\"width: 100%;\" controls=\"controls\"><source type=\"audio\/mpeg\" src=\"https:\/\/www.lkjbw.de\/blog\/wp-content\/uploads\/2019\/03\/Beitrag-Energiespartag-bigFM.mp3?_=1\" \/><a href=\"https:\/\/www.lkjbw.de\/blog\/wp-content\/uploads\/2019\/03\/Beitrag-Energiespartag-bigFM.mp3\">https:\/\/www.lkjbw.de\/blog\/wp-content\/uploads\/2019\/03\/Beitrag-Energiespartag-bigFM.mp3<\/a><\/audio>\n<p>&nbsp;<\/p>\n<p><strong>K-Pop<\/strong><\/p>\n<p>Viele haben schon von dem neuen Trend geh\u00f6rt, eine f\u00fcr viele erwachsene ganz neue und fremde Musikrichtung \u2013 der K-Pop. Wie gut, dass wir unsere jungen Redakteur*innen und Fachleute haben, die uns aufkl\u00e4ren k\u00f6nnen:<\/p>\n<audio class=\"wp-audio-shortcode\" id=\"audio-4564-2\" preload=\"none\" style=\"width: 100%;\" controls=\"controls\"><source type=\"audio\/mpeg\" src=\"https:\/\/www.lkjbw.de\/blog\/wp-content\/uploads\/2019\/03\/Beitrag-K-Pop-bigFM.mp3?_=2\" \/><a href=\"https:\/\/www.lkjbw.de\/blog\/wp-content\/uploads\/2019\/03\/Beitrag-K-Pop-bigFM.mp3\">https:\/\/www.lkjbw.de\/blog\/wp-content\/uploads\/2019\/03\/Beitrag-K-Pop-bigFM.mp3<\/a><\/audio>\n<p>&nbsp;<\/p>\n<p><strong>Fortnite<\/strong><\/p>\n<p>Fortnite steht seit der Ver\u00f6ffentlichung im Juli 2017 noch immer nahezu unangefochten auf Platz eins der beliebtesten Computerspiele bei Jugendlichen. Warum dieses Koop-Survival-Spiel des Genres Battle-Royal so begeistert und was damit \u00fcberhaupt gemeint sei soll erz\u00e4hlen uns die Jugendlichen am besten selbst:<\/p>\n<audio class=\"wp-audio-shortcode\" id=\"audio-4564-3\" preload=\"none\" style=\"width: 100%;\" controls=\"controls\"><source type=\"audio\/mpeg\" src=\"https:\/\/www.lkjbw.de\/blog\/wp-content\/uploads\/2019\/03\/Beitrag-Fortnite-bigFM.mp3?_=3\" \/><a href=\"https:\/\/www.lkjbw.de\/blog\/wp-content\/uploads\/2019\/03\/Beitrag-Fortnite-bigFM.mp3\">https:\/\/www.lkjbw.de\/blog\/wp-content\/uploads\/2019\/03\/Beitrag-Fortnite-bigFM.mp3<\/a><\/audio>\n<p>&nbsp;<\/p>\n<p><strong>Beauty-Tipps<\/strong><\/p>\n<p>Kosmetik ist f\u00fcr viele Jugendliche ein Thema. Aber auch eines, das sehr teuer werden kann. Muss es aber nicht: diese zwei Sch\u00fclerinnen berichten, wie einfach man Kosmetik auch selbst herstellen kann und warum sich dar\u00fcber nicht nur der Geldbeutel freut.<\/p>\n<audio class=\"wp-audio-shortcode\" id=\"audio-4564-4\" preload=\"none\" style=\"width: 100%;\" controls=\"controls\"><source type=\"audio\/mpeg\" src=\"https:\/\/www.lkjbw.de\/blog\/wp-content\/uploads\/2019\/03\/Beautytipps.mp3?_=4\" \/><a href=\"https:\/\/www.lkjbw.de\/blog\/wp-content\/uploads\/2019\/03\/Beautytipps.mp3\">https:\/\/www.lkjbw.de\/blog\/wp-content\/uploads\/2019\/03\/Beautytipps.mp3<\/a><\/audio>\n<p>&nbsp;<\/p>\n<p><strong>Anschlag in Neuseeland<\/strong><\/p>\n<p>Wenige Tage vor Workshop Beginn erreichte uns alle die schreckliche Nachricht des Anschlages in Christchurch Neuseeland. Einige an der hatten Schule wohl schon das Livevideo, dass der T\u00e4ter von seinem Verbrechen gestreamt hatte, \u00a0gesehen respektive zugeschickt bekommen hat. Thema sollte sein: Wie finden es die Leute, dass sich Menschen dieses Video anschauen, das ein schreckliches Verbrechen zeigt?<\/p>\n<audio class=\"wp-audio-shortcode\" id=\"audio-4564-5\" preload=\"none\" style=\"width: 100%;\" controls=\"controls\"><source type=\"audio\/mpeg\" src=\"https:\/\/www.lkjbw.de\/blog\/wp-content\/uploads\/2019\/03\/Beitrag-Anschlagsvideo.mp3?_=5\" \/><a href=\"https:\/\/www.lkjbw.de\/blog\/wp-content\/uploads\/2019\/03\/Beitrag-Anschlagsvideo.mp3\">https:\/\/www.lkjbw.de\/blog\/wp-content\/uploads\/2019\/03\/Beitrag-Anschlagsvideo.mp3<\/a><\/audio>\n","protected":false},"excerpt":{"rendered":"<p>Am 19. und 20. M\u00e4rz 2019 war unser Projekt Radio im Klassenzimmer zu Gast bei der Radio AG der Karl-Friedrich-Schimper-Gemeinschaftsschule in Schwetzingen. Die Gruppe setzte sich zusammen aus 15 Sch\u00fcler*innen der 5. Und 7. Klassen und arbeitet schon seit Schuljahresbeginn gemeinsam an unterschiedlichen Projekten rund um das Thema Radio. So waren die Sch\u00fcler*innen auf das&#8230; <a class=\"moretag\" href=\"https:\/\/www.lkjbw.de\/blog\/2019\/03\/karl-friedrich-schimper-gemeinschaftsschule-schwetzingen\/\"> weiterlesen &raquo;<\/a><\/p>\n","protected":false},"author":16,"featured_media":4565,"comment_status":"open","ping_status":"open","sticky":false,"template":"","format":"standard","meta":[],"categories":[1],"tags":[],"_links":{"self":[{"href":"https:\/\/www.lkjbw.de\/blog\/wp-json\/wp\/v2\/posts\/4564"}],"collection":[{"href":"https:\/\/www.lkjbw.de\/blog\/wp-json\/wp\/v2\/posts"}],"about":[{"href":"https:\/\/www.lkjbw.de\/blog\/wp-json\/wp\/v2\/types\/post"}],"author":[{"embeddable":true,"href":"https:\/\/www.lkjbw.de\/blog\/wp-json\/wp\/v2\/users\/16"}],"replies":[{"embeddable":true,"href":"https:\/\/www.lkjbw.de\/blog\/wp-json\/wp\/v2\/comments?post=4564"}],"version-history":[{"count":4,"href":"https:\/\/www.lkjbw.de\/blog\/wp-json\/wp\/v2\/posts\/4564\/revisions"}],"predecessor-version":[{"id":4712,"href":"https:\/\/www.lkjbw.de\/blog\/wp-json\/wp\/v2\/posts\/4564\/revisions\/4712"}],"wp:featuredmedia":[{"embeddable":true,"href":"https:\/\/www.lkjbw.de\/blog\/wp-json\/wp\/v2\/media\/4565"}],"wp:attachment":[{"href":"https:\/\/www.lkjbw.de\/blog\/wp-json\/wp\/v2\/media?parent=4564"}],"wp:term":[{"taxonomy":"category","embeddable":true,"href":"https:\/\/www.lkjbw.de\/blog\/wp-json\/wp\/v2\/categories?post=4564"},{"taxonomy":"post_tag","embeddable":true,"href":"https:\/\/www.lkjbw.de\/blog\/wp-json\/wp\/v2\/tags?post=4564"}],"curies":[{"name":"wp","href":"https:\/\/api.w.org\/{rel}","templated":true}]}}