{"id":4695,"date":"2019-04-09T16:14:53","date_gmt":"2019-04-09T14:14:53","guid":{"rendered":"https:\/\/www.lkjbw.de\/blog\/?p=4695"},"modified":"2019-05-14T12:10:35","modified_gmt":"2019-05-14T10:10:35","slug":"winterhaldenschule-in-sindelfingen","status":"publish","type":"post","link":"https:\/\/www.lkjbw.de\/blog\/2019\/04\/winterhaldenschule-in-sindelfingen\/","title":{"rendered":"Winterhaldenschule in Sindelfingen"},"content":{"rendered":"<p><img loading=\"lazy\" width=\"300\" height=\"201\" class=\"size-medium wp-image-4696 alignleft colorbox-4695\" src=\"https:\/\/www.lkjbw.de\/blog\/wp-content\/uploads\/2019\/04\/DSC_0023-300x201.jpg\" alt=\"Bild: ein junge mit Kopfh\u00f6rern und wichtigem &quot;Chefredakteur&quot; Schild\" srcset=\"https:\/\/www.lkjbw.de\/blog\/wp-content\/uploads\/2019\/04\/DSC_0023-300x201.jpg 300w, https:\/\/www.lkjbw.de\/blog\/wp-content\/uploads\/2019\/04\/DSC_0023-768x513.jpg 768w, https:\/\/www.lkjbw.de\/blog\/wp-content\/uploads\/2019\/04\/DSC_0023-1024x684.jpg 1024w, https:\/\/www.lkjbw.de\/blog\/wp-content\/uploads\/2019\/04\/DSC_0023-345x230.jpg 345w, https:\/\/www.lkjbw.de\/blog\/wp-content\/uploads\/2019\/04\/DSC_0023-250x167.jpg 250w, https:\/\/www.lkjbw.de\/blog\/wp-content\/uploads\/2019\/04\/DSC_0023-300x201@2x.jpg 600w, https:\/\/www.lkjbw.de\/blog\/wp-content\/uploads\/2019\/04\/DSC_0023-768x513@2x.jpg 1536w, https:\/\/www.lkjbw.de\/blog\/wp-content\/uploads\/2019\/04\/DSC_0023-1024x684@2x.jpg 2048w, https:\/\/www.lkjbw.de\/blog\/wp-content\/uploads\/2019\/04\/DSC_0023-345x230@2x.jpg 690w, https:\/\/www.lkjbw.de\/blog\/wp-content\/uploads\/2019\/04\/DSC_0023-250x167@2x.jpg 500w\" sizes=\"(max-width: 300px) 100vw, 300px\" \/>Am 8. und 9. April war RadioImKlassenzimmer zu Gast an der Winterhaldenschule in Sindelfingen. Besonders an diesem Sonderp\u00e4dagogischen Bildungs- und Beratungszentrum mit dem F\u00f6rderschwerpunkt k\u00f6rperliche und motorische Entwicklung. (SBBZ Lernen) ist, dass die Sch\u00fcler*innen hier genug Zeit und individuelle Unterst\u00fctzung bekommen, um ihren F\u00e4higkeiten entsprechend Lernen zu k\u00f6nnen. Ebenso besonders an der Schule ist, dass sie im Rahmen des Deutschunterrichts ein Sch\u00fclerradio ins Leben gerufen haben. So war die Gruppe mit Ihren Kenntnissen \u00fcber die regionale Radiolandschaft sowie unterschiedlichen Beitragsformen besser Informiert als viele andere Gruppen.<\/p>\n<p>Der Workshop verfolgte das Ziel f\u00fcr das 50j\u00e4hrige Jubil\u00e4um<img loading=\"lazy\" width=\"300\" height=\"201\" class=\"size-medium wp-image-4697 alignright colorbox-4695\" src=\"https:\/\/www.lkjbw.de\/blog\/wp-content\/uploads\/2019\/04\/DSC_0005-300x201.jpg\" alt=\"\" srcset=\"https:\/\/www.lkjbw.de\/blog\/wp-content\/uploads\/2019\/04\/DSC_0005-300x201.jpg 300w, https:\/\/www.lkjbw.de\/blog\/wp-content\/uploads\/2019\/04\/DSC_0005-768x513.jpg 768w, https:\/\/www.lkjbw.de\/blog\/wp-content\/uploads\/2019\/04\/DSC_0005-1024x684.jpg 1024w, https:\/\/www.lkjbw.de\/blog\/wp-content\/uploads\/2019\/04\/DSC_0005-345x230.jpg 345w, https:\/\/www.lkjbw.de\/blog\/wp-content\/uploads\/2019\/04\/DSC_0005-250x167.jpg 250w, https:\/\/www.lkjbw.de\/blog\/wp-content\/uploads\/2019\/04\/DSC_0005-300x201@2x.jpg 600w, https:\/\/www.lkjbw.de\/blog\/wp-content\/uploads\/2019\/04\/DSC_0005-768x513@2x.jpg 1536w, https:\/\/www.lkjbw.de\/blog\/wp-content\/uploads\/2019\/04\/DSC_0005-1024x684@2x.jpg 2048w, https:\/\/www.lkjbw.de\/blog\/wp-content\/uploads\/2019\/04\/DSC_0005-345x230@2x.jpg 690w, https:\/\/www.lkjbw.de\/blog\/wp-content\/uploads\/2019\/04\/DSC_0005-250x167@2x.jpg 500w\" sizes=\"(max-width: 300px) 100vw, 300px\" \/> der Schule eine komplette Sendung zu produzieren. Dazu hatte sich die Gruppe bereits unterschiedlichen Bereichen zugeteilt: : Technik, Moderation, Nachrichten, Musikredaktion, Redakteure, u.s.w. Ein Jingle wurde produziert und sogar ein Ger\u00e4uschquiz entstand.<\/p>\n<p>Um bei der Anschlie\u00dfenden F\u00fchrung durch den Radiosender bigFM nicht nur lange Interviews der Lehrer mitzubringen wurde sogar extra ein k\u00fcrzerer Beitrag zusammengeschnitten, der die Schule kurz vorstellt.<\/p>\n<p><img loading=\"lazy\" width=\"300\" height=\"201\" class=\"size-medium wp-image-4699 alignleft colorbox-4695\" src=\"https:\/\/www.lkjbw.de\/blog\/wp-content\/uploads\/2019\/04\/DSC_0019-300x201.jpg\" alt=\"\" srcset=\"https:\/\/www.lkjbw.de\/blog\/wp-content\/uploads\/2019\/04\/DSC_0019-300x201.jpg 300w, https:\/\/www.lkjbw.de\/blog\/wp-content\/uploads\/2019\/04\/DSC_0019-768x513.jpg 768w, https:\/\/www.lkjbw.de\/blog\/wp-content\/uploads\/2019\/04\/DSC_0019-1024x684.jpg 1024w, https:\/\/www.lkjbw.de\/blog\/wp-content\/uploads\/2019\/04\/DSC_0019-345x230.jpg 345w, https:\/\/www.lkjbw.de\/blog\/wp-content\/uploads\/2019\/04\/DSC_0019-250x167.jpg 250w, https:\/\/www.lkjbw.de\/blog\/wp-content\/uploads\/2019\/04\/DSC_0019-300x201@2x.jpg 600w, https:\/\/www.lkjbw.de\/blog\/wp-content\/uploads\/2019\/04\/DSC_0019-768x513@2x.jpg 1536w, https:\/\/www.lkjbw.de\/blog\/wp-content\/uploads\/2019\/04\/DSC_0019-1024x684@2x.jpg 2048w, https:\/\/www.lkjbw.de\/blog\/wp-content\/uploads\/2019\/04\/DSC_0019-345x230@2x.jpg 690w, https:\/\/www.lkjbw.de\/blog\/wp-content\/uploads\/2019\/04\/DSC_0019-250x167@2x.jpg 500w\" sizes=\"(max-width: 300px) 100vw, 300px\" \/>Und obwohl in dem Beitrag zu h\u00f6ren ist, das beste an der Schule seien die Ferien und die Pausen, musste die Gruppe vor lauter Motivation bei dem Workshop dazu ermahnt werden die Pausen einzuhalten und nicht durchg\u00e4ngig aufzunehmen und zu schneiden. Es war den Sch\u00fcler*innen ein richtiges Anliegen, diese Aufgabe zu meistern, was wir Betreuer mit gro\u00dfer Freude wahrnahmen. Die Sch\u00fcler hatten sichtlich Spa\u00df bei ihren Aufgaben. Man sp\u00fcrte auch, dass es ihnen sehr wichtig ist, am Tag der offenen T\u00fcr etwas Gutes und sich selbst pr\u00e4sentieren zu k\u00f6nnen.<\/p>\n<p>Das Schulradio soll jetzt nicht nur ein Projekt des aktuellen <img loading=\"lazy\" width=\"300\" height=\"201\" class=\"size-medium wp-image-4700 alignright colorbox-4695\" src=\"https:\/\/www.lkjbw.de\/blog\/wp-content\/uploads\/2019\/04\/DSC_0061-300x201.jpg\" alt=\"\" srcset=\"https:\/\/www.lkjbw.de\/blog\/wp-content\/uploads\/2019\/04\/DSC_0061-300x201.jpg 300w, https:\/\/www.lkjbw.de\/blog\/wp-content\/uploads\/2019\/04\/DSC_0061-768x513.jpg 768w, https:\/\/www.lkjbw.de\/blog\/wp-content\/uploads\/2019\/04\/DSC_0061-1024x684.jpg 1024w, https:\/\/www.lkjbw.de\/blog\/wp-content\/uploads\/2019\/04\/DSC_0061-345x230.jpg 345w, https:\/\/www.lkjbw.de\/blog\/wp-content\/uploads\/2019\/04\/DSC_0061-250x167.jpg 250w, https:\/\/www.lkjbw.de\/blog\/wp-content\/uploads\/2019\/04\/DSC_0061-300x201@2x.jpg 600w, https:\/\/www.lkjbw.de\/blog\/wp-content\/uploads\/2019\/04\/DSC_0061-768x513@2x.jpg 1536w, https:\/\/www.lkjbw.de\/blog\/wp-content\/uploads\/2019\/04\/DSC_0061-1024x684@2x.jpg 2048w, https:\/\/www.lkjbw.de\/blog\/wp-content\/uploads\/2019\/04\/DSC_0061-345x230@2x.jpg 690w, https:\/\/www.lkjbw.de\/blog\/wp-content\/uploads\/2019\/04\/DSC_0061-250x167@2x.jpg 500w\" sizes=\"(max-width: 300px) 100vw, 300px\" \/>Schuljahres und des Deutschlehrplanes bleiben. Die Lehrerin \u00a0m\u00f6chte es fortsetzen. Die Klasse ist ja noch 1-2 Jahre weiter an der Schule. Auch die Sch\u00fcler haben verk\u00fcndet<br \/>\nsehr gerne an dem Projekt weiter arbeiten zu wollen.<\/p>\n<p><strong>Jingle<\/strong><\/p>\n<p>Jeder Radiosender braucht eine Erkennungsmelodie oder auch Jingle genannt. Kurz, einpr\u00e4gsam und mit klarem Absender.<\/p>\n<!--[if lt IE 9]><script>document.createElement('audio');<\/script><![endif]-->\n<audio class=\"wp-audio-shortcode\" id=\"audio-4695-1\" preload=\"none\" style=\"width: 100%;\" controls=\"controls\"><source type=\"audio\/mpeg\" src=\"https:\/\/www.lkjbw.de\/blog\/wp-content\/uploads\/2019\/04\/Jingle-lang.mp3?_=1\" \/><a href=\"https:\/\/www.lkjbw.de\/blog\/wp-content\/uploads\/2019\/04\/Jingle-lang.mp3\">https:\/\/www.lkjbw.de\/blog\/wp-content\/uploads\/2019\/04\/Jingle-lang.mp3<\/a><\/audio>\n<p>&nbsp;<\/p>\n<p><strong>Die Winterhaldenschule stellt sich vor<\/strong><\/p>\n<p>Zum 50. Jubil\u00e4um der Schule kommen viele Mitarbeitende zu Wort und erkl\u00e4ren, was Ihre Schule ausmacht. Neben dem besonderen Lernen gibt es hier ein Schwimmbad, eine Chor-AG, eine Koch-, eine Fu\u00dfball und sogar eine Kaffee-Mocca-AG, doch das beste, da sind sich die Sch\u00fcler*innen einig, ist das neue Schulradio!<\/p>\n<audio class=\"wp-audio-shortcode\" id=\"audio-4695-2\" preload=\"none\" style=\"width: 100%;\" controls=\"controls\"><source type=\"audio\/mpeg\" src=\"https:\/\/www.lkjbw.de\/blog\/wp-content\/uploads\/2019\/04\/Winterhalden-stellt-sich-vor.mp3?_=2\" \/><a href=\"https:\/\/www.lkjbw.de\/blog\/wp-content\/uploads\/2019\/04\/Winterhalden-stellt-sich-vor.mp3\">https:\/\/www.lkjbw.de\/blog\/wp-content\/uploads\/2019\/04\/Winterhalden-stellt-sich-vor.mp3<\/a><\/audio>\n<p>&nbsp;<\/p>\n<p><strong>Umfrage<\/strong><\/p>\n<p>Beim Radio darf eine Umfrage nicht fehlen. Was ist das Besondere an der Winterhaldenschule und was gef\u00e4llt Dir am besten?<\/p>\n<audio class=\"wp-audio-shortcode\" id=\"audio-4695-3\" preload=\"none\" style=\"width: 100%;\" controls=\"controls\"><source type=\"audio\/mpeg\" src=\"https:\/\/www.lkjbw.de\/blog\/wp-content\/uploads\/2019\/04\/umfrage-fertig-Winterhalden.mp3?_=3\" \/><a href=\"https:\/\/www.lkjbw.de\/blog\/wp-content\/uploads\/2019\/04\/umfrage-fertig-Winterhalden.mp3\">https:\/\/www.lkjbw.de\/blog\/wp-content\/uploads\/2019\/04\/umfrage-fertig-Winterhalden.mp3<\/a><\/audio>\n<p>&nbsp;<\/p>\n<p><strong>Nachrichten<br \/>\n<\/strong><\/p>\n<p>Und zuletzt die harten Fakten: von Daten zur Entstehungsgeschichte der Schule bis zu Fun-Facts aus dem Schulalltag &#8211; hier wird Licht ins Dunkel gebracht!<\/p>\n<audio class=\"wp-audio-shortcode\" id=\"audio-4695-4\" preload=\"none\" style=\"width: 100%;\" controls=\"controls\"><source type=\"audio\/mpeg\" src=\"https:\/\/www.lkjbw.de\/blog\/wp-content\/uploads\/2019\/04\/Winterhalden-Nachrichten-fertig.mp3?_=4\" \/><a href=\"https:\/\/www.lkjbw.de\/blog\/wp-content\/uploads\/2019\/04\/Winterhalden-Nachrichten-fertig.mp3\">https:\/\/www.lkjbw.de\/blog\/wp-content\/uploads\/2019\/04\/Winterhalden-Nachrichten-fertig.mp3<\/a><\/audio>\n","protected":false},"excerpt":{"rendered":"<p>Am 8. und 9. April war RadioImKlassenzimmer zu Gast an der Winterhaldenschule in Sindelfingen. Besonders an diesem Sonderp\u00e4dagogischen Bildungs- und Beratungszentrum mit dem F\u00f6rderschwerpunkt k\u00f6rperliche und motorische Entwicklung. (SBBZ Lernen) ist, dass die Sch\u00fcler*innen hier genug Zeit und individuelle Unterst\u00fctzung bekommen, um ihren F\u00e4higkeiten entsprechend Lernen zu k\u00f6nnen. Ebenso besonders an der Schule ist, dass&#8230; <a class=\"moretag\" href=\"https:\/\/www.lkjbw.de\/blog\/2019\/04\/winterhaldenschule-in-sindelfingen\/\"> weiterlesen &raquo;<\/a><\/p>\n","protected":false},"author":16,"featured_media":4696,"comment_status":"open","ping_status":"open","sticky":false,"template":"","format":"standard","meta":[],"categories":[1],"tags":[],"_links":{"self":[{"href":"https:\/\/www.lkjbw.de\/blog\/wp-json\/wp\/v2\/posts\/4695"}],"collection":[{"href":"https:\/\/www.lkjbw.de\/blog\/wp-json\/wp\/v2\/posts"}],"about":[{"href":"https:\/\/www.lkjbw.de\/blog\/wp-json\/wp\/v2\/types\/post"}],"author":[{"embeddable":true,"href":"https:\/\/www.lkjbw.de\/blog\/wp-json\/wp\/v2\/users\/16"}],"replies":[{"embeddable":true,"href":"https:\/\/www.lkjbw.de\/blog\/wp-json\/wp\/v2\/comments?post=4695"}],"version-history":[{"count":9,"href":"https:\/\/www.lkjbw.de\/blog\/wp-json\/wp\/v2\/posts\/4695\/revisions"}],"predecessor-version":[{"id":4724,"href":"https:\/\/www.lkjbw.de\/blog\/wp-json\/wp\/v2\/posts\/4695\/revisions\/4724"}],"wp:featuredmedia":[{"embeddable":true,"href":"https:\/\/www.lkjbw.de\/blog\/wp-json\/wp\/v2\/media\/4696"}],"wp:attachment":[{"href":"https:\/\/www.lkjbw.de\/blog\/wp-json\/wp\/v2\/media?parent=4695"}],"wp:term":[{"taxonomy":"category","embeddable":true,"href":"https:\/\/www.lkjbw.de\/blog\/wp-json\/wp\/v2\/categories?post=4695"},{"taxonomy":"post_tag","embeddable":true,"href":"https:\/\/www.lkjbw.de\/blog\/wp-json\/wp\/v2\/tags?post=4695"}],"curies":[{"name":"wp","href":"https:\/\/api.w.org\/{rel}","templated":true}]}}