{"id":4823,"date":"2019-07-16T10:10:01","date_gmt":"2019-07-16T08:10:01","guid":{"rendered":"https:\/\/www.lkjbw.de\/blog\/?p=4823"},"modified":"2019-07-24T10:14:37","modified_gmt":"2019-07-24T08:14:37","slug":"wilhelm-wund-realschule-mannheim","status":"publish","type":"post","link":"https:\/\/www.lkjbw.de\/blog\/2019\/07\/wilhelm-wund-realschule-mannheim\/","title":{"rendered":"Wilhelm Wund-Realschule Mannheim"},"content":{"rendered":"<p><img loading=\"lazy\" width=\"300\" height=\"169\" class=\"size-medium wp-image-4829 alignright colorbox-4823\" src=\"https:\/\/www.lkjbw.de\/blog\/wp-content\/uploads\/2019\/07\/Studio-1-300x169.jpg\" alt=\"Bild: die Sch\u00fclerinnen bei ihrer Sendung im Studio\" srcset=\"https:\/\/www.lkjbw.de\/blog\/wp-content\/uploads\/2019\/07\/Studio-1-300x169.jpg 300w, https:\/\/www.lkjbw.de\/blog\/wp-content\/uploads\/2019\/07\/Studio-1-768x431.jpg 768w, https:\/\/www.lkjbw.de\/blog\/wp-content\/uploads\/2019\/07\/Studio-1-1024x575.jpg 1024w, https:\/\/www.lkjbw.de\/blog\/wp-content\/uploads\/2019\/07\/Studio-1-250x140.jpg 250w, https:\/\/www.lkjbw.de\/blog\/wp-content\/uploads\/2019\/07\/Studio-1-300x169@2x.jpg 600w, https:\/\/www.lkjbw.de\/blog\/wp-content\/uploads\/2019\/07\/Studio-1-768x431@2x.jpg 1536w, https:\/\/www.lkjbw.de\/blog\/wp-content\/uploads\/2019\/07\/Studio-1-1024x575@2x.jpg 2048w, https:\/\/www.lkjbw.de\/blog\/wp-content\/uploads\/2019\/07\/Studio-1-250x140@2x.jpg 500w\" sizes=\"(max-width: 300px) 100vw, 300px\" \/>Am 15. Und 16. Juli fand das Projekt Radio im Klassenzimmer in Mannheim statt. Dort erwarteten uns bereits ein sehr engagierter Lehrer und eine Gruppe Sch\u00fclerinnen, die nicht minder motiviert an die Radioarbeit herangehen wollten. Das Thema \u201eKopfh\u00f6rer\u201c war bereits gew\u00e4hlt worden und auch schon drei Interviews waren vorbereitet \u2013 mit einem Polizisten, einer HNO-\u00c4rztin sowie mit einem Arzt f\u00fcr Kinderheilkunde. Gemeinsam wurden die Interviews geschnitten sowie eine neue Umfrage in Mannheims Innenstadt gef\u00fchrt. Sogar einen DJ hatte der Lehrer mit ins Boot geholt, der gemeinsam mit zwei Sch\u00fclern einen eigenen Jingle produzierte. Denn ein gro\u00dfes Ziel wurde angestrebt. Schon am zweiten Workshop Tag ging es zum nichtkommerziellen Sender Bermuda Funk in Mannheim, auf dessen Frequenz die Gruppe eine ganze Stunde ihre eigene Sendung samt Beitr\u00e4gen Musik und Moderationen zum Laufen brachte. \u201eDas hat richtig Spa\u00df gemacht. So sollte Unterricht \u00f6fters sein,\u201c meinte eine der Moderatorinnen am Schluss.<\/p>\n<p>&nbsp;<\/p>\n<p><strong>Jingle <\/strong>Gemeinsam mit einem mannheimer DJ entwarfen die Sch\u00fcler*inen sogar einen eigenen Jingle f\u00fcr ihre Sendung<\/p>\n<!--[if lt IE 9]><script>document.createElement('audio');<\/script><![endif]-->\n<audio class=\"wp-audio-shortcode\" id=\"audio-4823-1\" preload=\"none\" style=\"width: 100%;\" controls=\"controls\"><source type=\"audio\/mpeg\" src=\"https:\/\/www.lkjbw.de\/blog\/wp-content\/uploads\/2019\/07\/Jingle-Kopfh\u00f6rer.mp3?_=1\" \/><a href=\"https:\/\/www.lkjbw.de\/blog\/wp-content\/uploads\/2019\/07\/Jingle-Kopfh\u00f6rer.mp3\">https:\/\/www.lkjbw.de\/blog\/wp-content\/uploads\/2019\/07\/Jingle-Kopfh\u00f6rer.mp3<\/a><\/audio>\n<p>&nbsp;<\/p>\n<p><strong>Interview mit einem \u00f6rtlichen Polizisten<\/strong>, den die Sch\u00fclerinnen auf die Gefahren des Kopfh\u00f6rertragens hin befragt hatten. Man stelle sich vor: Immer mehr junge Leute tragen Kopfh\u00f6rer und sind dadurch abgelenkt, wenn sie sich im \u00f6ffentlichen Raum bewegen.<\/p>\n<audio class=\"wp-audio-shortcode\" id=\"audio-4823-2\" preload=\"none\" style=\"width: 100%;\" controls=\"controls\"><source type=\"audio\/mpeg\" src=\"https:\/\/www.lkjbw.de\/blog\/wp-content\/uploads\/2019\/07\/Beitrag_Polizist-mit-Anmod.mp3?_=2\" \/><a href=\"https:\/\/www.lkjbw.de\/blog\/wp-content\/uploads\/2019\/07\/Beitrag_Polizist-mit-Anmod.mp3\">https:\/\/www.lkjbw.de\/blog\/wp-content\/uploads\/2019\/07\/Beitrag_Polizist-mit-Anmod.mp3<\/a><\/audio>\n<p>&nbsp;<\/p>\n<p><strong>Interview mit einer HNO-\u00c4rztin<\/strong>: Kopfh\u00f6rer sind gesundheitlich nicht unproblematisch. Spielt man die Musik zu laut ab oder auch zu lange, kann das Geh\u00f6r gesch\u00e4digt werden.<\/p>\n<audio class=\"wp-audio-shortcode\" id=\"audio-4823-3\" preload=\"none\" style=\"width: 100%;\" controls=\"controls\"><source type=\"audio\/mpeg\" src=\"https:\/\/www.lkjbw.de\/blog\/wp-content\/uploads\/2019\/07\/Interview-mit-HNO-\u00c4rztin-mit-Anmod.mp3?_=3\" \/><a href=\"https:\/\/www.lkjbw.de\/blog\/wp-content\/uploads\/2019\/07\/Interview-mit-HNO-\u00c4rztin-mit-Anmod.mp3\">https:\/\/www.lkjbw.de\/blog\/wp-content\/uploads\/2019\/07\/Interview-mit-HNO-\u00c4rztin-mit-Anmod.mp3<\/a><\/audio>\n<p>&nbsp;<\/p>\n<p><strong>Interview mit einem Arzt<\/strong> f\u00fcr Kinderheilkunde, Kinder- und Jugendpsychiater. Ausgangsinteresse der Sch\u00fclerinnen war die Frage, ob sich Jugendliche durch das Tragen von Kopfh\u00f6rern nicht auch sozial isolieren.<\/p>\n<audio class=\"wp-audio-shortcode\" id=\"audio-4823-4\" preload=\"none\" style=\"width: 100%;\" controls=\"controls\"><source type=\"audio\/mpeg\" src=\"https:\/\/www.lkjbw.de\/blog\/wp-content\/uploads\/2019\/07\/Interview-Psychologe.mp3?_=4\" \/><a href=\"https:\/\/www.lkjbw.de\/blog\/wp-content\/uploads\/2019\/07\/Interview-Psychologe.mp3\">https:\/\/www.lkjbw.de\/blog\/wp-content\/uploads\/2019\/07\/Interview-Psychologe.mp3<\/a><\/audio>\n<p>&nbsp;<\/p>\n<p><strong>Umfrage <\/strong>zu den Erlebnissen und Beobachtungen zum Thema Kopfh\u00f6rer.<\/p>\n<audio class=\"wp-audio-shortcode\" id=\"audio-4823-5\" preload=\"none\" style=\"width: 100%;\" controls=\"controls\"><source type=\"audio\/mpeg\" src=\"https:\/\/www.lkjbw.de\/blog\/wp-content\/uploads\/2019\/07\/Umfrage-Kopfh\u00f6rer-mit-Anmod.mp3?_=5\" \/><a href=\"https:\/\/www.lkjbw.de\/blog\/wp-content\/uploads\/2019\/07\/Umfrage-Kopfh\u00f6rer-mit-Anmod.mp3\">https:\/\/www.lkjbw.de\/blog\/wp-content\/uploads\/2019\/07\/Umfrage-Kopfh\u00f6rer-mit-Anmod.mp3<\/a><\/audio>\n","protected":false},"excerpt":{"rendered":"<p>Am 15. Und 16. Juli fand das Projekt Radio im Klassenzimmer in Mannheim statt. Dort erwarteten uns bereits ein sehr engagierter Lehrer und eine Gruppe Sch\u00fclerinnen, die nicht minder motiviert an die Radioarbeit herangehen wollten. Das Thema \u201eKopfh\u00f6rer\u201c war bereits gew\u00e4hlt worden und auch schon drei Interviews waren vorbereitet \u2013 mit einem Polizisten, einer HNO-\u00c4rztin&#8230; <a class=\"moretag\" href=\"https:\/\/www.lkjbw.de\/blog\/2019\/07\/wilhelm-wund-realschule-mannheim\/\"> weiterlesen &raquo;<\/a><\/p>\n","protected":false},"author":16,"featured_media":4829,"comment_status":"open","ping_status":"open","sticky":false,"template":"","format":"standard","meta":[],"categories":[1],"tags":[],"_links":{"self":[{"href":"https:\/\/www.lkjbw.de\/blog\/wp-json\/wp\/v2\/posts\/4823"}],"collection":[{"href":"https:\/\/www.lkjbw.de\/blog\/wp-json\/wp\/v2\/posts"}],"about":[{"href":"https:\/\/www.lkjbw.de\/blog\/wp-json\/wp\/v2\/types\/post"}],"author":[{"embeddable":true,"href":"https:\/\/www.lkjbw.de\/blog\/wp-json\/wp\/v2\/users\/16"}],"replies":[{"embeddable":true,"href":"https:\/\/www.lkjbw.de\/blog\/wp-json\/wp\/v2\/comments?post=4823"}],"version-history":[{"count":2,"href":"https:\/\/www.lkjbw.de\/blog\/wp-json\/wp\/v2\/posts\/4823\/revisions"}],"predecessor-version":[{"id":4831,"href":"https:\/\/www.lkjbw.de\/blog\/wp-json\/wp\/v2\/posts\/4823\/revisions\/4831"}],"wp:featuredmedia":[{"embeddable":true,"href":"https:\/\/www.lkjbw.de\/blog\/wp-json\/wp\/v2\/media\/4829"}],"wp:attachment":[{"href":"https:\/\/www.lkjbw.de\/blog\/wp-json\/wp\/v2\/media?parent=4823"}],"wp:term":[{"taxonomy":"category","embeddable":true,"href":"https:\/\/www.lkjbw.de\/blog\/wp-json\/wp\/v2\/categories?post=4823"},{"taxonomy":"post_tag","embeddable":true,"href":"https:\/\/www.lkjbw.de\/blog\/wp-json\/wp\/v2\/tags?post=4823"}],"curies":[{"name":"wp","href":"https:\/\/api.w.org\/{rel}","templated":true}]}}