{"id":4976,"date":"2019-11-05T16:16:26","date_gmt":"2019-11-05T14:16:26","guid":{"rendered":"https:\/\/www.lkjbw.de\/blog\/?p=4976"},"modified":"2019-12-09T17:38:54","modified_gmt":"2019-12-09T15:38:54","slug":"radio-im-klassenzimmer-an-der-kirnbach-realschule-in-niefern","status":"publish","type":"post","link":"https:\/\/www.lkjbw.de\/blog\/2019\/11\/radio-im-klassenzimmer-an-der-kirnbach-realschule-in-niefern\/","title":{"rendered":"Kirnbach-Realschule in Niefern"},"content":{"rendered":"<p>Am 04. Und 05. November fand Radio im Klassenzimmer an <img loading=\"lazy\" width=\"300\" height=\"169\" class=\"size-medium wp-image-4977 alignright colorbox-4976\" src=\"https:\/\/www.lkjbw.de\/blog\/wp-content\/uploads\/2019\/12\/Niefern_Blog-300x169.jpg\" alt=\"\" srcset=\"https:\/\/www.lkjbw.de\/blog\/wp-content\/uploads\/2019\/12\/Niefern_Blog-300x169.jpg 300w, https:\/\/www.lkjbw.de\/blog\/wp-content\/uploads\/2019\/12\/Niefern_Blog-768x432.jpg 768w, https:\/\/www.lkjbw.de\/blog\/wp-content\/uploads\/2019\/12\/Niefern_Blog-250x141.jpg 250w, https:\/\/www.lkjbw.de\/blog\/wp-content\/uploads\/2019\/12\/Niefern_Blog.jpg 1000w, https:\/\/www.lkjbw.de\/blog\/wp-content\/uploads\/2019\/12\/Niefern_Blog-300x169@2x.jpg 600w, https:\/\/www.lkjbw.de\/blog\/wp-content\/uploads\/2019\/12\/Niefern_Blog-250x141@2x.jpg 500w\" sizes=\"(max-width: 300px) 100vw, 300px\" \/>der Kirnbach-Realschule in Niefern statt, wo 25 interessierte und motivierte Sch\u00fcler*innen der achten Klasse \u00fcber zwei Tage zu Radioprofis wurden. Am ersten Projekttag wurde im Dialog mit den Medienreferent*innen der LKJ erst einmal gekl\u00e4rt, was Radio eigentlich ist \u2013 welche Beitragsarten werden unterschieden, was bedeutet \u201e\u00f6ffentlich-rechtlich\u201c und was \u201eprivat\u201c?<\/p>\n<p>Dann machten sich die Teilnehmenden schon an die Themenfindung. Dabei wurde vieles behandelt, was die Jugendlichen selbst bewegt, von Deutschrap \u00fcber verschiedene Musikrichtungen und Mediennutzung bis hin zu Markenklamotten und Kaufverhalten. Zur Aufnahme von Interviews und Befragung der Passanten ging es dann f\u00fcr die verschiedenen Kleingruppen in die Nieferner Innenstadt, wo flei\u00dfig Meinungen und Beitr\u00e4ge aufgezeichnet wurden. Auch den Schnitt der Ergebnisse \u00fcbernahmen die Sch\u00fcler*innen selbst \u2013 wie echte Radioprofis eben! Im finalen Schritt wurden dann noch An- und Abmoderationen verfasst und eingesprochen. Die entstandenen Beitr\u00e4ge sind sowohl bei bigFM als auch auf dem LKJ-Medienblog anzuh\u00f6ren:<\/p>\n<p>&nbsp;<\/p>\n<p><strong>Markenklamotten<\/strong><\/p>\n<p>Macht es einen Unterschied, ob auf einem Schuh das Emblem von Nike aufgen\u00e4ht ist oder ob es sich um ein No-name-Produkt handelt? Muss die Handtasche von Gucci sein oder sind andere Produkte ebenso gut? Heutzutage sind Klamottenmarken schon im Kindergarten oder in der Grundschule ein Thema. Die Gruppe hat herumgefragt, welche Bedeutung den Marken einger\u00e4umt wird und worauf beim Einkauf sonst noch geachtet wird.<\/p>\n<!--[if lt IE 9]><script>document.createElement('audio');<\/script><![endif]-->\n<audio class=\"wp-audio-shortcode\" id=\"audio-4976-1\" preload=\"none\" style=\"width: 100%;\" controls=\"controls\"><source type=\"audio\/mpeg\" src=\"https:\/\/www.lkjbw.de\/blog\/wp-content\/uploads\/2019\/11\/Markenklamotten.mp3?_=1\" \/><a href=\"https:\/\/www.lkjbw.de\/blog\/wp-content\/uploads\/2019\/11\/Markenklamotten.mp3\">https:\/\/www.lkjbw.de\/blog\/wp-content\/uploads\/2019\/11\/Markenklamotten.mp3<\/a><\/audio>\n<p>&nbsp;<\/p>\n<p><strong>Deutschrap<\/strong><\/p>\n<p>F\u00fcr viele Jugendliche ist Deutschrap nicht nur eine Musikrichtung, sondern auch eine Lebenseinstellung. Kleidungsstil, Sprache, Symbolik \u2013 in alledem wird den Vorbildern aus den einschl\u00e4gigen Musikvideos nachgeeifert. Manche Fans gehen noch einen Schritt weiter. Sie wollen Deutschrap und das, was ihn repr\u00e4sentiert, nicht nur feiern, sondern selbst mitgestalten. Der Beitrag portraitiert einen Mitsch\u00fcler der Gruppe, der auf eine Karriere als Rapmusiker hinarbeitet.<\/p>\n<audio class=\"wp-audio-shortcode\" id=\"audio-4976-2\" preload=\"none\" style=\"width: 100%;\" controls=\"controls\"><source type=\"audio\/mpeg\" src=\"https:\/\/www.lkjbw.de\/blog\/wp-content\/uploads\/2019\/11\/deutschrap_beitrag_fertig.mp3?_=2\" \/><a href=\"https:\/\/www.lkjbw.de\/blog\/wp-content\/uploads\/2019\/11\/deutschrap_beitrag_fertig.mp3\">https:\/\/www.lkjbw.de\/blog\/wp-content\/uploads\/2019\/11\/deutschrap_beitrag_fertig.mp3<\/a><\/audio>\n<p>&nbsp;<\/p>\n<p><strong>Mediennutzung<\/strong><\/p>\n<p>Wer sich auf dem Schulhof, im Bus oder im Park umschaut, wird zahlreiche Menschen sehen, die in ihr Smartphone starren. Scheinbar f\u00e4llt es uns schwer, uns von den kleinen Bildschirmen loszurei\u00dfen. Dieser Beitrag geht dem Ph\u00e4nomen auf den Grund. Sind Lehrerinnen und Lehrer wirklich zur\u00fcckhaltender bei der Handynutzung als Jugendliche? Und wof\u00fcr nutzen zum Beispiel Grundsch\u00fcler ihr Handy?<\/p>\n<audio class=\"wp-audio-shortcode\" id=\"audio-4976-3\" preload=\"none\" style=\"width: 100%;\" controls=\"controls\"><source type=\"audio\/mpeg\" src=\"https:\/\/www.lkjbw.de\/blog\/wp-content\/uploads\/2019\/11\/Mediennutzung-fertig.mp3?_=3\" \/><a href=\"https:\/\/www.lkjbw.de\/blog\/wp-content\/uploads\/2019\/11\/Mediennutzung-fertig.mp3\">https:\/\/www.lkjbw.de\/blog\/wp-content\/uploads\/2019\/11\/Mediennutzung-fertig.mp3<\/a><\/audio>\n<p>&nbsp;<\/p>\n<p><strong>Musikrichtungen<\/strong><\/p>\n<p>Wenn wir jemanden kennenlernen, kommt immer ziemlich bald die Frage auf, welche Musik wir h\u00f6ren und ob unsere Musikgeschm\u00e4cker miteinander kompatibel sind. Welche Musikrichtung wir h\u00f6ren, sagt etwas \u00fcber uns aus. Der Beitrag geht der Frage nach, welche Musik die Befragten gerne h\u00f6ren, welche musikalischen Trends es momentan gibt \u2013 und als besonderes Schmankerl gibt es gleich noch ein paar Kostproben, eingesungen von Passantinnen und Passanten.<\/p>\n<audio class=\"wp-audio-shortcode\" id=\"audio-4976-4\" preload=\"none\" style=\"width: 100%;\" controls=\"controls\"><source type=\"audio\/mpeg\" src=\"https:\/\/www.lkjbw.de\/blog\/wp-content\/uploads\/2019\/11\/Musikrichtungen-fertig.mp3?_=4\" \/><a href=\"https:\/\/www.lkjbw.de\/blog\/wp-content\/uploads\/2019\/11\/Musikrichtungen-fertig.mp3\">https:\/\/www.lkjbw.de\/blog\/wp-content\/uploads\/2019\/11\/Musikrichtungen-fertig.mp3<\/a><\/audio>\n","protected":false},"excerpt":{"rendered":"<p>Am 04. Und 05. November fand Radio im Klassenzimmer an der Kirnbach-Realschule in Niefern statt, wo 25 interessierte und motivierte Sch\u00fcler*innen der achten Klasse \u00fcber zwei Tage zu Radioprofis wurden. Am ersten Projekttag wurde im Dialog mit den Medienreferent*innen der LKJ erst einmal gekl\u00e4rt, was Radio eigentlich ist \u2013 welche Beitragsarten werden unterschieden, was bedeutet&#8230; <a class=\"moretag\" href=\"https:\/\/www.lkjbw.de\/blog\/2019\/11\/radio-im-klassenzimmer-an-der-kirnbach-realschule-in-niefern\/\"> weiterlesen &raquo;<\/a><\/p>\n","protected":false},"author":16,"featured_media":4977,"comment_status":"closed","ping_status":"closed","sticky":false,"template":"","format":"standard","meta":[],"categories":[1],"tags":[],"_links":{"self":[{"href":"https:\/\/www.lkjbw.de\/blog\/wp-json\/wp\/v2\/posts\/4976"}],"collection":[{"href":"https:\/\/www.lkjbw.de\/blog\/wp-json\/wp\/v2\/posts"}],"about":[{"href":"https:\/\/www.lkjbw.de\/blog\/wp-json\/wp\/v2\/types\/post"}],"author":[{"embeddable":true,"href":"https:\/\/www.lkjbw.de\/blog\/wp-json\/wp\/v2\/users\/16"}],"replies":[{"embeddable":true,"href":"https:\/\/www.lkjbw.de\/blog\/wp-json\/wp\/v2\/comments?post=4976"}],"version-history":[{"count":5,"href":"https:\/\/www.lkjbw.de\/blog\/wp-json\/wp\/v2\/posts\/4976\/revisions"}],"predecessor-version":[{"id":5021,"href":"https:\/\/www.lkjbw.de\/blog\/wp-json\/wp\/v2\/posts\/4976\/revisions\/5021"}],"wp:featuredmedia":[{"embeddable":true,"href":"https:\/\/www.lkjbw.de\/blog\/wp-json\/wp\/v2\/media\/4977"}],"wp:attachment":[{"href":"https:\/\/www.lkjbw.de\/blog\/wp-json\/wp\/v2\/media?parent=4976"}],"wp:term":[{"taxonomy":"category","embeddable":true,"href":"https:\/\/www.lkjbw.de\/blog\/wp-json\/wp\/v2\/categories?post=4976"},{"taxonomy":"post_tag","embeddable":true,"href":"https:\/\/www.lkjbw.de\/blog\/wp-json\/wp\/v2\/tags?post=4976"}],"curies":[{"name":"wp","href":"https:\/\/api.w.org\/{rel}","templated":true}]}}