{"id":4986,"date":"2019-11-12T16:35:10","date_gmt":"2019-11-12T14:35:10","guid":{"rendered":"https:\/\/www.lkjbw.de\/blog\/?p=4986"},"modified":"2019-12-09T17:39:13","modified_gmt":"2019-12-09T15:39:13","slug":"radio-im-klassenzimmer-am-gymnasium-kenzingen","status":"publish","type":"post","link":"https:\/\/www.lkjbw.de\/blog\/2019\/11\/radio-im-klassenzimmer-am-gymnasium-kenzingen\/","title":{"rendered":"Gymnasium Kenzingen"},"content":{"rendered":"<p><img loading=\"lazy\" width=\"300\" height=\"176\" class=\"size-medium wp-image-4996 alignleft colorbox-4986\" src=\"https:\/\/www.lkjbw.de\/blog\/wp-content\/uploads\/2019\/11\/Kenzingen_Blog-300x176.jpg\" alt=\"\" srcset=\"https:\/\/www.lkjbw.de\/blog\/wp-content\/uploads\/2019\/11\/Kenzingen_Blog-300x176.jpg 300w, https:\/\/www.lkjbw.de\/blog\/wp-content\/uploads\/2019\/11\/Kenzingen_Blog-768x449.jpg 768w, https:\/\/www.lkjbw.de\/blog\/wp-content\/uploads\/2019\/11\/Kenzingen_Blog-250x146.jpg 250w, https:\/\/www.lkjbw.de\/blog\/wp-content\/uploads\/2019\/11\/Kenzingen_Blog.jpg 1000w, https:\/\/www.lkjbw.de\/blog\/wp-content\/uploads\/2019\/11\/Kenzingen_Blog-300x176@2x.jpg 600w, https:\/\/www.lkjbw.de\/blog\/wp-content\/uploads\/2019\/11\/Kenzingen_Blog-250x146@2x.jpg 500w\" sizes=\"(max-width: 300px) 100vw, 300px\" \/>Auch gegen Ende des Kalenderjahres sind die LKJ-Medienreferent*innen von Radio im Klassenzimmer in ganz Baden-W\u00fcrttemberg unterwegs, um zusammen mit Sch\u00fcler*innen Radio zu machen. Im November machten sie Halt am Gymnasium Kenzingen, wo 25 Achtkl\u00e4ssler*innen 2 Tage lang an ihrer Schule in die Welt des Radios eintauchen durften.<\/p>\n<p>Das Projekt begann ganz professionell mit einer Themenkonferenz, nachdem einige Grundbegriffe rund ums Thema Radio gekl\u00e4rt worden waren. Die Sch\u00fcler*innen konnten ihre Ideen und Gedanken, die sie sich im Vorfeld gemacht hatten, hierbei konkretisieren, sodass es schnell sieben Gruppen gab, die sich an die Arbeit machten. Sowohl an der Schule selbst als auch in der Innenstadt wurde flei\u00dfig interviewt und aufgezeichnet \u2013 es gab Umfragen zu Themen wie Umweltschutz, Fu\u00dfball oder Cybermobbing. Auch der Schulleiter musste sich vor dem Aufnahmeger\u00e4t bez\u00fcglich der technischen Ausstattung des Gymnasiums verantworten, und eine Lehrerin, die den deutschen Meistertitel im Jahn-Neunkampf tr\u00e4gt, berichtete von der unkonventionellen Sportart und ihrem Training.<\/p>\n<p>Die vielseitigen und interessanten Beitr\u00e4ge wurden nachtr\u00e4glich noch von den Sch\u00fcler*innen an- und abmoderiert. Dies geschah ganz professionell im Tonstudio der Schule, das zu diesem Zweck wieder ins Leben gerufen wurde. Nach dem finalen Schnitt nahmen die Sch\u00fcler*innen ihre Radiobeitr\u00e4ge schlie\u00dflich mit zu bigFM, wo sie ihre Arbeit H\u00f6rern aus ganz Baden-W\u00fcrttemberg pr\u00e4sentieren k\u00f6nnen. Au\u00dferdem gibt es die Ergebnisse hier:<\/p>\n<p>&nbsp;<\/p>\n<p><strong>Cybermobbing<\/strong><\/p>\n<p>Wenn Sch\u00fcler*innen sich auff\u00e4llig verhalten oder nicht mehr in die Schule gehen wollen, steckt manchmal Mobbing dahinter. Heutzutage findet Mobbing nicht mehr nur auf dem Schulhof und im Klassenzimmer statt, sondern zunehmend im Internet. Der Beitrag besch\u00e4ftigt sich mit verschiedenen Dimensionen der Problematik: Aus welchen Gr\u00fcnden werden Sch\u00fcler*innen zu Mobbing-T\u00e4tern?\u00a0 Und was kann man tun, wenn man Mobbing beobachtet oder selbst zum Opfer wird? Zu Wort kommen Sch\u00fcler*innen verschiedener Klassenstufen sowie ein Vertrauenslehrer.<\/p>\n<!--[if lt IE 9]><script>document.createElement('audio');<\/script><![endif]-->\n<audio class=\"wp-audio-shortcode\" id=\"audio-4986-1\" preload=\"none\" style=\"width: 100%;\" controls=\"controls\"><source type=\"audio\/mpeg\" src=\"https:\/\/www.lkjbw.de\/blog\/wp-content\/uploads\/2019\/12\/Beitrag-Cybermobbing.mp3?_=1\" \/><a href=\"https:\/\/www.lkjbw.de\/blog\/wp-content\/uploads\/2019\/12\/Beitrag-Cybermobbing.mp3\">https:\/\/www.lkjbw.de\/blog\/wp-content\/uploads\/2019\/12\/Beitrag-Cybermobbing.mp3<\/a><\/audio>\n<p>&nbsp;<\/p>\n<p><strong>Handys im Unterricht<\/strong><\/p>\n<p>F\u00fcr die meisten Sch\u00fcler*innen ist das Handy ein st\u00e4ndiger Begleiter. Es ist Kommunikationsmittel, Spielkonsole, Musikanlage und vieles mehr. Doch von 7:50 Uhr bis 13:05 Uhr herrscht am Kenzinger Gymnasium Handyverbot, wie an vielen anderen Schulen auch. Welche guten Gr\u00fcnde gibt es f\u00fcr das Verbot? Und welche sprechen dagegen? Ist es nicht sogar denkbar, das Smartphone mit Gewinn in den Unterricht einzubauen?<\/p>\n<audio class=\"wp-audio-shortcode\" id=\"audio-4986-2\" preload=\"none\" style=\"width: 100%;\" controls=\"controls\"><source type=\"audio\/mpeg\" src=\"https:\/\/www.lkjbw.de\/blog\/wp-content\/uploads\/2019\/12\/Beitrag-Handy-im-Unterricht.mp3?_=2\" \/><a href=\"https:\/\/www.lkjbw.de\/blog\/wp-content\/uploads\/2019\/12\/Beitrag-Handy-im-Unterricht.mp3\">https:\/\/www.lkjbw.de\/blog\/wp-content\/uploads\/2019\/12\/Beitrag-Handy-im-Unterricht.mp3<\/a><\/audio>\n<p>&nbsp;<\/p>\n<p><strong>Brett- und Computerspiele<\/strong><\/p>\n<p>Der Spieltrieb ist etwas typisch Menschliches. Ob Kinder oder Erwachsene, eigentlich spielen alle gern. Vor allem in der Zeit, in der die Abende l\u00e4nger werden und wenn es auf Weihnachten zugeht. Fr\u00fcher war dies Brettspielzeit. Doch sind Brettspiele in Zeiten von Computern und Konsolen noch gefragt? Der Beitrag l\u00e4sst viele Menschen erz\u00e4hlen, was sie gerne spielen, mit wem sie spielen und ob sie dies planen \u2013 oder ob sich eine Spielerunde manchmal auch spontan ergibt.<\/p>\n<audio class=\"wp-audio-shortcode\" id=\"audio-4986-3\" preload=\"none\" style=\"width: 100%;\" controls=\"controls\"><source type=\"audio\/mpeg\" src=\"https:\/\/www.lkjbw.de\/blog\/wp-content\/uploads\/2019\/12\/beitrag_brettspiele_fertig.mp3?_=3\" \/><a href=\"https:\/\/www.lkjbw.de\/blog\/wp-content\/uploads\/2019\/12\/beitrag_brettspiele_fertig.mp3\">https:\/\/www.lkjbw.de\/blog\/wp-content\/uploads\/2019\/12\/beitrag_brettspiele_fertig.mp3<\/a><\/audio>\n<p>&nbsp;<\/p>\n<p><strong>Technik an der Schule<\/strong><\/p>\n<p>Viele Klassenzimmer haben sich in den letzten Jahren in Hightech-R\u00e4ume verwandelt: Intelligente Whiteboards, Beamer und Projektionsauflagen, WLAN. Die Sch\u00fcler*innen des Gymnasiums Kenzingen haben jedoch das Gef\u00fchl, dass ihre Schule dem technischen Fortschritt etwas hinterherhinkt. Zwar wurden auch hier einige R\u00e4ume auf den neuesten Stand gebracht, aber bei weitem nicht alle. Im Gespr\u00e4ch mit dem Rektor wird er\u00f6rtert, warum dies so ist und welche Herausforderungen in n\u00e4chster Zeit noch bevorstehen.<\/p>\n<audio class=\"wp-audio-shortcode\" id=\"audio-4986-4\" preload=\"none\" style=\"width: 100%;\" controls=\"controls\"><source type=\"audio\/mpeg\" src=\"https:\/\/www.lkjbw.de\/blog\/wp-content\/uploads\/2019\/12\/beitrag_technik_fertig.mp3?_=4\" \/><a href=\"https:\/\/www.lkjbw.de\/blog\/wp-content\/uploads\/2019\/12\/beitrag_technik_fertig.mp3\">https:\/\/www.lkjbw.de\/blog\/wp-content\/uploads\/2019\/12\/beitrag_technik_fertig.mp3<\/a><\/audio>\n<p>&nbsp;<\/p>\n<p><strong>Klimaschutz<\/strong><\/p>\n<p>Das Klima ver\u00e4ndert sich. Das bezweifelt kaum noch jemand. Abschmelzende Gletscher, D\u00fcrren, steigende Meeresspiegel und extreme Wetterlagen bedrohen immer mehr Gegenden und immer mehr Menschen. Deshalb hat sich die Fridays for Future-Bewegung gegr\u00fcndet. In dieser Umfrage kommen Passant*innen zu Wort und erz\u00e4hlen, was sie von den Protesten der Jugendlichen halten sowie ob und wie sie selbst zum Umweltschutz beitragen.<\/p>\n<audio class=\"wp-audio-shortcode\" id=\"audio-4986-5\" preload=\"none\" style=\"width: 100%;\" controls=\"controls\"><source type=\"audio\/mpeg\" src=\"https:\/\/www.lkjbw.de\/blog\/wp-content\/uploads\/2019\/12\/Klimaschutz-fertig.mp3?_=5\" \/><a href=\"https:\/\/www.lkjbw.de\/blog\/wp-content\/uploads\/2019\/12\/Klimaschutz-fertig.mp3\">https:\/\/www.lkjbw.de\/blog\/wp-content\/uploads\/2019\/12\/Klimaschutz-fertig.mp3<\/a><\/audio>\n<p>&nbsp;<\/p>\n<p><strong>Deutsche Meisterin im Jahn-Neunkampf<\/strong><\/p>\n<p>Massensport ist Jahn-Neunkampf sicherlich nicht. Die Wenigsten wissen, was sich hinter dem Begriff \u00fcberhaupt verbirgt. Doch eine wei\u00df es ganz genau: Sabine Storz. Sie ist Lehrerin am Gymnasium Kenzingen und ganz nebenbei amtierende Deutsche Meisterin in diesem Wettkampf \u2013 und das zum f\u00fcnften Mal. Im Interview erz\u00e4hlt sie, was genau sich hinter der Sportart verbirgt, wie sie dazu kam und welches Training sie absolvieren muss, um an der Spitze dabeizubleiben.<\/p>\n<audio class=\"wp-audio-shortcode\" id=\"audio-4986-6\" preload=\"none\" style=\"width: 100%;\" controls=\"controls\"><source type=\"audio\/mpeg\" src=\"https:\/\/www.lkjbw.de\/blog\/wp-content\/uploads\/2019\/12\/Mehrkampf_Storz.mp3?_=6\" \/><a href=\"https:\/\/www.lkjbw.de\/blog\/wp-content\/uploads\/2019\/12\/Mehrkampf_Storz.mp3\">https:\/\/www.lkjbw.de\/blog\/wp-content\/uploads\/2019\/12\/Mehrkampf_Storz.mp3<\/a><\/audio>\n<p>&nbsp;<\/p>\n<p><strong>Der SC Freiburg tr\u00e4umt<\/strong><\/p>\n<p>Noch nie stand der SC Freiburg nach 11 Spieltagen in der Fu\u00dfball-Bundesliga so gut da. Vierter Tabellenplatz! Sonst hat man doch immer um den Klassenerhalt gespielt. Kein Wunder, dass nun manche Fans pl\u00f6tzlich vorher Unm\u00f6gliches f\u00fcr greifbar halten: die Teilnahme an der Champions League zum Beispiel. Oder gar die Meisterschaft? Was ist in dieser Saison drin? Was bleibt ein Traum? Mit diesen Fragen besch\u00e4ftigt sich der Beitrag und kl\u00e4rt ganz nebenbei, was den Verein so besonders macht.<\/p>\n<audio class=\"wp-audio-shortcode\" id=\"audio-4986-7\" preload=\"none\" style=\"width: 100%;\" controls=\"controls\"><source type=\"audio\/mpeg\" src=\"https:\/\/www.lkjbw.de\/blog\/wp-content\/uploads\/2019\/12\/SC-Freiburg-fertig.mp3?_=7\" \/><a href=\"https:\/\/www.lkjbw.de\/blog\/wp-content\/uploads\/2019\/12\/SC-Freiburg-fertig.mp3\">https:\/\/www.lkjbw.de\/blog\/wp-content\/uploads\/2019\/12\/SC-Freiburg-fertig.mp3<\/a><\/audio>\n","protected":false},"excerpt":{"rendered":"<p>Auch gegen Ende des Kalenderjahres sind die LKJ-Medienreferent*innen von Radio im Klassenzimmer in ganz Baden-W\u00fcrttemberg unterwegs, um zusammen mit Sch\u00fcler*innen Radio zu machen. Im November machten sie Halt am Gymnasium Kenzingen, wo 25 Achtkl\u00e4ssler*innen 2 Tage lang an ihrer Schule in die Welt des Radios eintauchen durften. Das Projekt begann ganz professionell mit einer Themenkonferenz,&#8230; <a class=\"moretag\" href=\"https:\/\/www.lkjbw.de\/blog\/2019\/11\/radio-im-klassenzimmer-am-gymnasium-kenzingen\/\"> weiterlesen &raquo;<\/a><\/p>\n","protected":false},"author":16,"featured_media":4996,"comment_status":"closed","ping_status":"closed","sticky":false,"template":"","format":"standard","meta":[],"categories":[1],"tags":[],"_links":{"self":[{"href":"https:\/\/www.lkjbw.de\/blog\/wp-json\/wp\/v2\/posts\/4986"}],"collection":[{"href":"https:\/\/www.lkjbw.de\/blog\/wp-json\/wp\/v2\/posts"}],"about":[{"href":"https:\/\/www.lkjbw.de\/blog\/wp-json\/wp\/v2\/types\/post"}],"author":[{"embeddable":true,"href":"https:\/\/www.lkjbw.de\/blog\/wp-json\/wp\/v2\/users\/16"}],"replies":[{"embeddable":true,"href":"https:\/\/www.lkjbw.de\/blog\/wp-json\/wp\/v2\/comments?post=4986"}],"version-history":[{"count":5,"href":"https:\/\/www.lkjbw.de\/blog\/wp-json\/wp\/v2\/posts\/4986\/revisions"}],"predecessor-version":[{"id":5022,"href":"https:\/\/www.lkjbw.de\/blog\/wp-json\/wp\/v2\/posts\/4986\/revisions\/5022"}],"wp:featuredmedia":[{"embeddable":true,"href":"https:\/\/www.lkjbw.de\/blog\/wp-json\/wp\/v2\/media\/4996"}],"wp:attachment":[{"href":"https:\/\/www.lkjbw.de\/blog\/wp-json\/wp\/v2\/media?parent=4986"}],"wp:term":[{"taxonomy":"category","embeddable":true,"href":"https:\/\/www.lkjbw.de\/blog\/wp-json\/wp\/v2\/categories?post=4986"},{"taxonomy":"post_tag","embeddable":true,"href":"https:\/\/www.lkjbw.de\/blog\/wp-json\/wp\/v2\/tags?post=4986"}],"curies":[{"name":"wp","href":"https:\/\/api.w.org\/{rel}","templated":true}]}}