{"id":5000,"date":"2019-10-01T16:52:26","date_gmt":"2019-10-01T14:52:26","guid":{"rendered":"https:\/\/www.lkjbw.de\/blog\/?p=5000"},"modified":"2019-12-05T16:58:10","modified_gmt":"2019-12-05T14:58:10","slug":"gemeinschaftsschule-am-brenzpark-in-heidenheim","status":"publish","type":"post","link":"https:\/\/www.lkjbw.de\/blog\/2019\/10\/gemeinschaftsschule-am-brenzpark-in-heidenheim\/","title":{"rendered":"Gemeinschaftsschule am Brenzpark in Heidenheim"},"content":{"rendered":"<p>25 Sch\u00fcler*innen der siebten Klassenstufe an der <img loading=\"lazy\" width=\"300\" height=\"169\" class=\"size-medium wp-image-5008 alignright colorbox-5000\" src=\"https:\/\/www.lkjbw.de\/blog\/wp-content\/uploads\/2019\/10\/Heidenheim_Blog-300x169.jpg\" alt=\"\" srcset=\"https:\/\/www.lkjbw.de\/blog\/wp-content\/uploads\/2019\/10\/Heidenheim_Blog-300x169.jpg 300w, https:\/\/www.lkjbw.de\/blog\/wp-content\/uploads\/2019\/10\/Heidenheim_Blog-768x432.jpg 768w, https:\/\/www.lkjbw.de\/blog\/wp-content\/uploads\/2019\/10\/Heidenheim_Blog-250x141.jpg 250w, https:\/\/www.lkjbw.de\/blog\/wp-content\/uploads\/2019\/10\/Heidenheim_Blog.jpg 964w, https:\/\/www.lkjbw.de\/blog\/wp-content\/uploads\/2019\/10\/Heidenheim_Blog-300x169@2x.jpg 600w, https:\/\/www.lkjbw.de\/blog\/wp-content\/uploads\/2019\/10\/Heidenheim_Blog-250x141@2x.jpg 500w\" sizes=\"(max-width: 300px) 100vw, 300px\" \/>Gemeinschaftsschule am Brenzpark in Heidenheim bekamen am 30. September und 01. Oktober 2019 im Rahmen des Medienprojekts Radio im Klassenzimmer Besuch von zwei Referierenden der LKJ, die ihnen zwei Tage lang einen Einblick in die Welt des Radios gew\u00e4hren sollten. Bereits im Vorfeld hatten sich die radio- und technikinteressierten Teilnehmenden Gedanken zu m\u00f6glichen Themen gemacht, die sie in Radiobeitr\u00e4gen behandeln wollten. Zuerst gab es jedoch allgemeine Informationen und Wissenswertes rund ums Radio, wobei auch das H\u00f6rverhalten der Sch\u00fcler*innen abgefragt wurde. Obwohl das Medium Radio von den Teilnehmenden meist nur im Beisein von Erwachsenen genutzt wird, war schon einiges Vorwissen zum Thema da, das dann im Workshop weiter vertieft wurde.<\/p>\n<p>Mit neuen Erkenntnissen und Ideen ging es dann f\u00fcr die Kleingruppen, die sich gebildet hatten, raus in die Heidenheimer Innenstadt, wo Passanten zu den unterschiedlichsten Themen befragt wurden. Zus\u00e4tzlich wurden auch Interviews in der Schule gef\u00fchrt. Die entstandenen Rohfassungen der Beitr\u00e4ge durften die Sch\u00fcler*innen dann auch selbst schneiden, w\u00e4hrend einige der Teilnehmenden sich den An- und Zwischenmoderationen widmeten. Letzten Endes entstanden nach einigen Stunden harten, konzentrierten Arbeitens sechs verschiedene Radiobeitr\u00e4ge, die dann gemeinsam angeh\u00f6rt und bejubelt wurden. Sowohl die Sch\u00fcler*innen als auch die Lehrkr\u00e4fte, die bereits radioerfahren waren, zogen ein positives Fazit aus den beiden Workshoptagen \u2013 und mit ihren neuen Erfahrungen ging es f\u00fcr die Sch\u00fcler*innen am 09. Oktober dann noch in die bigFM-Studios, wo sie noch einmal neue Eindr\u00fccke vom Radiomachen gewinnen konnten.<\/p>\n<p>Die selbst produzierten Beitr\u00e4ge der Teilnehmenden k\u00f6nnen hier angeh\u00f6rt werden:<\/p>\n<p>&nbsp;<\/p>\n<p><strong>Gemeinschaftsschule<\/strong><\/p>\n<p>Die Gemeinschaftsschule ist als Schulform nicht unumstritten. Viele Menschen verbinden mit der Schule und den Sch\u00fcler*innen bestimmte Vorstellungen, die meistens mehr mit Vorurteilen als mit Wissen zu tun haben. Die Gruppe hat zun\u00e4chst einmal herumgefragt, was den Menschen auf der Stra\u00dfe \u00fcber die Gemeinschaftsschule bekannt ist und ob sie ihre eigenen Kinder auf eine Gemeinschaftsschule schicken w\u00fcrden. Au\u00dferdem kommt im Beitrag die Schulleitung zu Wort.<\/p>\n<!--[if lt IE 9]><script>document.createElement('audio');<\/script><![endif]-->\n<audio class=\"wp-audio-shortcode\" id=\"audio-5000-1\" preload=\"none\" style=\"width: 100%;\" controls=\"controls\"><source type=\"audio\/mpeg\" src=\"https:\/\/www.lkjbw.de\/blog\/wp-content\/uploads\/2019\/12\/Gemeinschaftsschule.mp3?_=1\" \/><a href=\"https:\/\/www.lkjbw.de\/blog\/wp-content\/uploads\/2019\/12\/Gemeinschaftsschule.mp3\">https:\/\/www.lkjbw.de\/blog\/wp-content\/uploads\/2019\/12\/Gemeinschaftsschule.mp3<\/a><\/audio>\n<p>&nbsp;<\/p>\n<p><strong>Freundschaft<\/strong><\/p>\n<p>Heutzutage findet der Kontakt mit Freunden mehr und mehr digital statt. Menschen lernen sich im Internet kennen, Menschen kommunizieren \u00fcber das Internet. Doch haben sich damit auch Werte und Erwartungen ver\u00e4ndert, wenn es um Freundschaft geht? Was zeichnet eine gute Freundschaft aus? Gibt es das Prinzip \u201ebester Freund\u201c noch \u2014 und wie w\u00fcrden die Menschen ihre*n beste*n Freund*in beschreiben? Die Umfrage geht all diesen Fragen auf den Grund.<\/p>\n<audio class=\"wp-audio-shortcode\" id=\"audio-5000-2\" preload=\"none\" style=\"width: 100%;\" controls=\"controls\"><source type=\"audio\/mpeg\" src=\"https:\/\/www.lkjbw.de\/blog\/wp-content\/uploads\/2019\/12\/Freundschaft.mp3?_=2\" \/><a href=\"https:\/\/www.lkjbw.de\/blog\/wp-content\/uploads\/2019\/12\/Freundschaft.mp3\">https:\/\/www.lkjbw.de\/blog\/wp-content\/uploads\/2019\/12\/Freundschaft.mp3<\/a><\/audio>\n<p>&nbsp;<\/p>\n<p><strong>Internetsucht<\/strong><\/p>\n<p>Das Internet ist mittlerweile \u00fcberall. Wenn wir nicht wissen, was wir anziehen sollen, schauen wir nach, wie das Wetter wird. Wenn uns eine Sache unbekannt ist, recherchieren wir bei Google oder Wikipedia. Und dank der vielen sozialen Netzwerke m\u00fcssen wir uns nie mehr alleine f\u00fchlen. Doch es gibt eine Grenze, wo aus einem Nutzerverhalten ein Suchtverhalten wird \u2014 \u201eInternetsucht\u201c hei\u00dft das Schlagwort. Wo verl\u00e4uft die Grenze? Und k\u00f6nnten die Menschen noch ohne Internet leben? Die Umfrage gibt Antworten.<\/p>\n<audio class=\"wp-audio-shortcode\" id=\"audio-5000-3\" preload=\"none\" style=\"width: 100%;\" controls=\"controls\"><source type=\"audio\/mpeg\" src=\"https:\/\/www.lkjbw.de\/blog\/wp-content\/uploads\/2019\/12\/Internetsucht.mp3?_=3\" \/><a href=\"https:\/\/www.lkjbw.de\/blog\/wp-content\/uploads\/2019\/12\/Internetsucht.mp3\">https:\/\/www.lkjbw.de\/blog\/wp-content\/uploads\/2019\/12\/Internetsucht.mp3<\/a><\/audio>\n<p>&nbsp;<\/p>\n<p><strong>Handy<\/strong><\/p>\n<p>Handys sind eine praktische Sache. St\u00e4ndig nimmt ihre Funktionalit\u00e4t zu, die M\u00f6glichkeiten, die diese kleinen Hightech-Ger\u00e4te mit sich bringen. Das lassen sich manche Firmen aber auch mit gutem Geld bezahlen. Wenn man f\u00fcr ein Smartphone \u00fcber tausend Euro bezahlen muss, ist das schon eine ordentliche Anschaffung. Der Beitrag geht der Frage auf den Grund, wof\u00fcr die Menschen ihr Handy benutzen und was es f\u00fcr sie bedeutet.<\/p>\n<audio class=\"wp-audio-shortcode\" id=\"audio-5000-4\" preload=\"none\" style=\"width: 100%;\" controls=\"controls\"><source type=\"audio\/mpeg\" src=\"https:\/\/www.lkjbw.de\/blog\/wp-content\/uploads\/2019\/12\/Handy-wof\u00fcr.mp3?_=4\" \/><a href=\"https:\/\/www.lkjbw.de\/blog\/wp-content\/uploads\/2019\/12\/Handy-wof\u00fcr.mp3\">https:\/\/www.lkjbw.de\/blog\/wp-content\/uploads\/2019\/12\/Handy-wof\u00fcr.mp3<\/a><\/audio>\n<p>&nbsp;<\/p>\n<p><strong>Mobbing<\/strong><\/p>\n<p>Mobbing ist so vielschichtig wie h\u00e4ufig. Jugendliche mobben sich gegenseitig. Sie mobben Erwachsene. Erwachsene mobben Sch\u00fcler. Erwachsene mobben andere Erwachsene. In diesem Beitrag geht es zun\u00e4chst einmal darum, wie Menschen von der Stra\u00dfe Mobbing erleben und mitbekommen und was sie davon halten. Au\u00dferdem kommt eine Sozialarbeiterin zu Wort, die \u00fcber die Ursachen von Mobbing aufkl\u00e4rt.<\/p>\n<audio class=\"wp-audio-shortcode\" id=\"audio-5000-5\" preload=\"none\" style=\"width: 100%;\" controls=\"controls\"><source type=\"audio\/mpeg\" src=\"https:\/\/www.lkjbw.de\/blog\/wp-content\/uploads\/2019\/12\/Mobbing.mp3?_=5\" \/><a href=\"https:\/\/www.lkjbw.de\/blog\/wp-content\/uploads\/2019\/12\/Mobbing.mp3\">https:\/\/www.lkjbw.de\/blog\/wp-content\/uploads\/2019\/12\/Mobbing.mp3<\/a><\/audio>\n<p>&nbsp;<\/p>\n<p><strong>Umweltschutz<\/strong><\/p>\n<p>Wenn man die Zeitung aufschl\u00e4gt, den Fernseher einschaltet oder sich durchs Internet klickt \u2013 \u00fcberall ist momentan vom Klimawandel die Rede. Die Angst sitzt tief. Werden wir in ein paar Jahren noch so leben k\u00f6nnen wie jetzt? Werden wir den Wandel noch aufhalten k\u00f6nnen? Und selbst, wenn dies theoretisch m\u00f6glich ist: Sind wir bereit, zum Wohle der Umwelt unser Verhalten zu \u00e4ndern? Die Gruppe hat Menschen von der Stra\u00dfe die Frage gestellt, was sie zum Umweltschutz beitragen.<\/p>\n<audio class=\"wp-audio-shortcode\" id=\"audio-5000-6\" preload=\"none\" style=\"width: 100%;\" controls=\"controls\"><source type=\"audio\/mpeg\" src=\"https:\/\/www.lkjbw.de\/blog\/wp-content\/uploads\/2019\/12\/Was-tun-gegen-CO2.mp3?_=6\" \/><a href=\"https:\/\/www.lkjbw.de\/blog\/wp-content\/uploads\/2019\/12\/Was-tun-gegen-CO2.mp3\">https:\/\/www.lkjbw.de\/blog\/wp-content\/uploads\/2019\/12\/Was-tun-gegen-CO2.mp3<\/a><\/audio>\n<p>&nbsp;<\/p>\n","protected":false},"excerpt":{"rendered":"<p>25 Sch\u00fcler*innen der siebten Klassenstufe an der Gemeinschaftsschule am Brenzpark in Heidenheim bekamen am 30. September und 01. Oktober 2019 im Rahmen des Medienprojekts Radio im Klassenzimmer Besuch von zwei Referierenden der LKJ, die ihnen zwei Tage lang einen Einblick in die Welt des Radios gew\u00e4hren sollten. Bereits im Vorfeld hatten sich die radio- und&#8230; <a class=\"moretag\" href=\"https:\/\/www.lkjbw.de\/blog\/2019\/10\/gemeinschaftsschule-am-brenzpark-in-heidenheim\/\"> weiterlesen &raquo;<\/a><\/p>\n","protected":false},"author":16,"featured_media":5008,"comment_status":"closed","ping_status":"closed","sticky":false,"template":"","format":"standard","meta":[],"categories":[1],"tags":[],"_links":{"self":[{"href":"https:\/\/www.lkjbw.de\/blog\/wp-json\/wp\/v2\/posts\/5000"}],"collection":[{"href":"https:\/\/www.lkjbw.de\/blog\/wp-json\/wp\/v2\/posts"}],"about":[{"href":"https:\/\/www.lkjbw.de\/blog\/wp-json\/wp\/v2\/types\/post"}],"author":[{"embeddable":true,"href":"https:\/\/www.lkjbw.de\/blog\/wp-json\/wp\/v2\/users\/16"}],"replies":[{"embeddable":true,"href":"https:\/\/www.lkjbw.de\/blog\/wp-json\/wp\/v2\/comments?post=5000"}],"version-history":[{"count":4,"href":"https:\/\/www.lkjbw.de\/blog\/wp-json\/wp\/v2\/posts\/5000\/revisions"}],"predecessor-version":[{"id":5011,"href":"https:\/\/www.lkjbw.de\/blog\/wp-json\/wp\/v2\/posts\/5000\/revisions\/5011"}],"wp:featuredmedia":[{"embeddable":true,"href":"https:\/\/www.lkjbw.de\/blog\/wp-json\/wp\/v2\/media\/5008"}],"wp:attachment":[{"href":"https:\/\/www.lkjbw.de\/blog\/wp-json\/wp\/v2\/media?parent=5000"}],"wp:term":[{"taxonomy":"category","embeddable":true,"href":"https:\/\/www.lkjbw.de\/blog\/wp-json\/wp\/v2\/categories?post=5000"},{"taxonomy":"post_tag","embeddable":true,"href":"https:\/\/www.lkjbw.de\/blog\/wp-json\/wp\/v2\/tags?post=5000"}],"curies":[{"name":"wp","href":"https:\/\/api.w.org\/{rel}","templated":true}]}}