{"id":5380,"date":"2020-07-24T10:27:00","date_gmt":"2020-07-24T08:27:00","guid":{"rendered":"https:\/\/www.lkjbw.de\/blog\/?p=5380"},"modified":"2020-08-31T10:38:17","modified_gmt":"2020-08-31T08:38:17","slug":"freie-waldorfschule-am-kraeherwald","status":"publish","type":"post","link":"https:\/\/www.lkjbw.de\/blog\/2020\/07\/freie-waldorfschule-am-kraeherwald\/","title":{"rendered":"Freie Waldorfschule am Kr\u00e4herwald"},"content":{"rendered":"\n<p>Am 21. Juli 2020 startete das zweite digitale Radio im Klassenzimmer an der Freien Waldorfschule am Kr\u00e4herwald Stuttgart. Wie schon beim letzten Projekt trafen sich die Sch\u00fcler*innen online mit den Referent*innen; zum Einstieg wurde H\u00f6rverhalten in Bezug auf Radio abgefragt und diskutiert. Eine Teilnehmende hatte bereits Erfahrung mit ausf\u00fchrlichen Themenreportagen, aber auch der Rest der Gruppe h\u00f6rte regelm\u00e4\u00dfig Radio und war sehr interessiert an den Abl\u00e4ufen und Methoden, die w\u00e4hrend der zwei Projekttage vertieft werden sollten. Schnell ging das Gespr\u00e4ch in eine Diskussion \u00fcber m\u00f6gliche Themen f\u00fcr Beitr\u00e4ge \u00fcber, wobei mehrere aktuelle lokale und globale Brennpunkte genannt wurden. Letztendlich einigten sich die Teilnehmenden auf drei Themen, die jeweils in Kleingruppen bearbeitet werden sollten.<\/p>\n\n\n\n<div class=\"wp-block-image\"><figure class=\"alignright size-large is-resized\"><img loading=\"lazy\" src=\"https:\/\/www.lkjbw.de\/blog\/wp-content\/uploads\/2020\/08\/DSC_0638-Kopie-1024x683.jpg\" alt=\"\" class=\"wp-image-5385 colorbox-5380\" width=\"314\" height=\"209\" srcset=\"https:\/\/www.lkjbw.de\/blog\/wp-content\/uploads\/2020\/08\/DSC_0638-Kopie-1024x683.jpg 1024w, https:\/\/www.lkjbw.de\/blog\/wp-content\/uploads\/2020\/08\/DSC_0638-Kopie-300x200.jpg 300w, https:\/\/www.lkjbw.de\/blog\/wp-content\/uploads\/2020\/08\/DSC_0638-Kopie-768x512.jpg 768w, https:\/\/www.lkjbw.de\/blog\/wp-content\/uploads\/2020\/08\/DSC_0638-Kopie-1536x1024.jpg 1536w, https:\/\/www.lkjbw.de\/blog\/wp-content\/uploads\/2020\/08\/DSC_0638-Kopie-2048x1365.jpg 2048w, https:\/\/www.lkjbw.de\/blog\/wp-content\/uploads\/2020\/08\/DSC_0638-Kopie-345x230.jpg 345w, https:\/\/www.lkjbw.de\/blog\/wp-content\/uploads\/2020\/08\/DSC_0638-Kopie-250x167.jpg 250w, https:\/\/www.lkjbw.de\/blog\/wp-content\/uploads\/2020\/08\/DSC_0638-Kopie-300x200@2x.jpg 600w, https:\/\/www.lkjbw.de\/blog\/wp-content\/uploads\/2020\/08\/DSC_0638-Kopie-345x230@2x.jpg 690w, https:\/\/www.lkjbw.de\/blog\/wp-content\/uploads\/2020\/08\/DSC_0638-Kopie-250x167@2x.jpg 500w\" sizes=\"(max-width: 314px) 100vw, 314px\" \/><\/figure><\/div>\n\n\n\n<p>Ebenfalls im digitalen Raum erkl\u00e4rten die Referent*innen den Umgang mit dem Audioschnittprogramm Audacity. Zur Aufnahme ihrer O-T\u00f6ne verwendeten die Sch\u00fcler*innen ihre Handys und arbeiteten anschlie\u00dfend am Computer an den Dateien weiter. Besonders viel Sorgfalt war beim Schreiben von Sprechtexten gefragt, damit sich diese auch in einem zusammengeschnittenen Audiobeitrag gut anh\u00f6rten und zum Thema passten. Mit Unterst\u00fctzung der Referent*innen meisterten die Sch\u00fcler*innen diese Aufgabe jedoch leicht, und nach zwei Tagen waren drei fertige Radiobeitr\u00e4ge entstanden zu unterschiedlichsten Themen aus dem Umfeld der Teilnehmenden. Am Ende des Projekts stand auch ein Zukunftsausblick \u2013 die Sch\u00fcler*innen werden im Rahmen der <em>didacta<\/em> ein Messeradio gestalten, sodass ihre Arbeit noch einmal zus\u00e4tzlich gew\u00fcrdigt werden kann. Die Erfahrungen und Methoden aus dem Projekt k\u00f6nnen sie dabei sicherlich einbringen.<\/p>\n\n\n\n<p>Hier kann man die entstandenen Beitr\u00e4ge anh\u00f6ren:<\/p>\n\n\n\n<p><strong>Bodyshaming<\/strong><\/p>\n\n\n\n<p>Gerade im Sommer f\u00fchlen sich viele Jugendliche unsicher mit  ihrem Aussehen. Dumme Spr\u00fcche und extreme Sch\u00f6nheitsideale machen da den Weg zu einem gesunden Selbstwert nicht einfacher. Hier ein Geschr\u00e4ch und eine Umfrage zu einem relevanten Thema unter Heranwachsenden: dem Bezug zum eigenen K\u00f6rper.<\/p>\n\n\n\n<figure class=\"wp-block-audio\"><audio controls src=\"https:\/\/www.lkjbw.de\/blog\/wp-content\/uploads\/2020\/08\/Bodyshaming-Radio.mp3\"><\/audio><\/figure>\n\n\n\n<p><\/p>\n\n\n\n<p>N<strong>achhaltige Ern\u00e4hrung &#8211; ein Interview<\/strong><\/p>\n\n\n\n<p>Bio-Lebensmittel in der Schulmensa -sogar Gem\u00fcse aus den eigenen Sch\u00fclg\u00e4rten und m\u00f6glichst  nichts verschwenden. Am Kr\u00e4herwald legt man gro\u00dfen Wert auf Nachhaltige Ern\u00e4hrung, wie das funktioniert, erkl\u00e4rt der Leiter der Schulk\u00fcche im Interviw.<\/p>\n\n\n\n<figure class=\"wp-block-audio\"><audio controls src=\"https:\/\/www.lkjbw.de\/blog\/wp-content\/uploads\/2020\/08\/Interview-G\u00f6ttl_nachhaltige-Ern\u00e4hrung.mp3\"><\/audio><\/figure>\n\n\n\n<p><\/p>\n\n\n\n<p><strong>Sch\u00f6ne Geschichten<\/strong><\/p>\n\n\n\n<p>All die ernsten und traurigen Geschichten in den Nachrichten k\u00f6nnen auf Dauer die Laune ganz sch\u00f6n runterziehen. Daher haben diese beiden nachwuchsreporterinnen positive geschichten gesammelt, die inspirieren, Mut machen und Hoffnung spenden.<\/p>\n\n\n\n<figure class=\"wp-block-audio\"><audio controls src=\"https:\/\/www.lkjbw.de\/blog\/wp-content\/uploads\/2020\/08\/Sch\u00f6ne-Geschichten.mp3\"><\/audio><\/figure>\n","protected":false},"excerpt":{"rendered":"<p>Am 21. Juli 2020 startete das zweite digitale Radio im Klassenzimmer an der Freien Waldorfschule am Kr\u00e4herwald Stuttgart. Wie schon beim letzten Projekt trafen sich die Sch\u00fcler*innen online mit den Referent*innen; zum Einstieg wurde H\u00f6rverhalten in Bezug auf Radio abgefragt und diskutiert. Eine Teilnehmende hatte bereits Erfahrung mit ausf\u00fchrlichen Themenreportagen, aber auch der Rest der&#8230; <a class=\"moretag\" href=\"https:\/\/www.lkjbw.de\/blog\/2020\/07\/freie-waldorfschule-am-kraeherwald\/\"> weiterlesen &raquo;<\/a><\/p>\n","protected":false},"author":16,"featured_media":5385,"comment_status":"closed","ping_status":"closed","sticky":false,"template":"","format":"standard","meta":[],"categories":[1],"tags":[],"_links":{"self":[{"href":"https:\/\/www.lkjbw.de\/blog\/wp-json\/wp\/v2\/posts\/5380"}],"collection":[{"href":"https:\/\/www.lkjbw.de\/blog\/wp-json\/wp\/v2\/posts"}],"about":[{"href":"https:\/\/www.lkjbw.de\/blog\/wp-json\/wp\/v2\/types\/post"}],"author":[{"embeddable":true,"href":"https:\/\/www.lkjbw.de\/blog\/wp-json\/wp\/v2\/users\/16"}],"replies":[{"embeddable":true,"href":"https:\/\/www.lkjbw.de\/blog\/wp-json\/wp\/v2\/comments?post=5380"}],"version-history":[{"count":3,"href":"https:\/\/www.lkjbw.de\/blog\/wp-json\/wp\/v2\/posts\/5380\/revisions"}],"predecessor-version":[{"id":5387,"href":"https:\/\/www.lkjbw.de\/blog\/wp-json\/wp\/v2\/posts\/5380\/revisions\/5387"}],"wp:featuredmedia":[{"embeddable":true,"href":"https:\/\/www.lkjbw.de\/blog\/wp-json\/wp\/v2\/media\/5385"}],"wp:attachment":[{"href":"https:\/\/www.lkjbw.de\/blog\/wp-json\/wp\/v2\/media?parent=5380"}],"wp:term":[{"taxonomy":"category","embeddable":true,"href":"https:\/\/www.lkjbw.de\/blog\/wp-json\/wp\/v2\/categories?post=5380"},{"taxonomy":"post_tag","embeddable":true,"href":"https:\/\/www.lkjbw.de\/blog\/wp-json\/wp\/v2\/tags?post=5380"}],"curies":[{"name":"wp","href":"https:\/\/api.w.org\/{rel}","templated":true}]}}