{"id":5544,"date":"2020-11-05T12:29:00","date_gmt":"2020-11-05T10:29:00","guid":{"rendered":"https:\/\/www.lkjbw.de\/blog\/?p=5544"},"modified":"2021-01-11T15:23:42","modified_gmt":"2021-01-11T13:23:42","slug":"anne-frank-gemeinschaftsschule","status":"publish","type":"post","link":"https:\/\/www.lkjbw.de\/blog\/2020\/11\/anne-frank-gemeinschaftsschule\/","title":{"rendered":"Anne-Frank Gemeinschaftsschule"},"content":{"rendered":"\n<p>Anfang November waren wir mit unserem Radio Projekt zu Gast an der Anne-Frank-Gemeinschaftsschule in Stuttgart M\u00f6hringen. Besonders an der Schule ist der sehr hohe Anteil an Sch\u00fcler*innen mit Fluchterfahrung oder aus Familien mit Migrationsgeschichte. Ebenso besonders ist auch das gro\u00dfe Engagement der Lehrerin, die sich bei uns f\u00fcr das Projekt beworben hat. Ihr Ziel ist es, die interessierten Sch\u00fcler*innen so viel Zuspruch wie m\u00f6glich sp\u00fcren zu lassen und ihnen vorzuleben, dass sich Flei\u00df und Einsatz auch auszahlen.<\/p>\n\n\n\n<div class=\"wp-block-image\"><figure class=\"alignleft size-large\"><img loading=\"lazy\" width=\"200\" height=\"356\" src=\"https:\/\/www.lkjbw.de\/blog\/wp-content\/uploads\/2020\/11\/Bild-5-web.jpg\" alt=\"Ein Laptop mit ge\u00f6ffneter Tonspur und viele S\u00fc\u00dfigkeiten zur St\u00e4rkung griffbereit\" class=\"wp-image-5548 colorbox-5544\" srcset=\"https:\/\/www.lkjbw.de\/blog\/wp-content\/uploads\/2020\/11\/Bild-5-web.jpg 200w, https:\/\/www.lkjbw.de\/blog\/wp-content\/uploads\/2020\/11\/Bild-5-web-169x300.jpg 169w, https:\/\/www.lkjbw.de\/blog\/wp-content\/uploads\/2020\/11\/Bild-5-web-98x175.jpg 98w, https:\/\/www.lkjbw.de\/blog\/wp-content\/uploads\/2020\/11\/Bild-5-web-98x175@2x.jpg 196w\" sizes=\"(max-width: 200px) 100vw, 200px\" \/><\/figure><\/div>\n\n\n\n<p>An der Schule hat sie trotz sehr beschr\u00e4nkter Mittel eine Podcast-AG ins Leben gerufen, die in diesem Jahr nur aus M\u00e4dchen besteht. \u201eDie Jungs waren in der Vergangenheit einfach zu unzuverl\u00e4ssig\u201c sagte die Gruppe. So fanden unsere Referent*innen eine sehr organisierte Gruppe vor, mit klar geregelten Aufgabenbereichen  Technik, Organisation, Themenauswahl, Schnitt und Sprechen. Vieles davon hatte sich die Gruppe in verschiedenen Workshops am Sch\u00fclerRadioTag erworben und hat nun einen Rahmen geschaffen, die F\u00e4higkeiten anzuwenden und weiterzuentwickeln.<\/p>\n\n\n\n<p>So entstanden drei sehr professionelle Beitr\u00e4ge, bei denen die Teilnehmenden, aber auch viele Mitsch\u00fcler*innen, Lehrkr\u00e4fte und sogar Passant*innen der K\u00f6nigsstra\u00dfe in Stuttgart zu Wort kommen. Die Themenauswahl ist dabei sehr zeitgem\u00e4\u00df, nah an der Lebenswelt der jungen Menschen aber interessant f\u00fcr Jedermann \u2013 und nat\u00fcrlich Jederfrau!<\/p>\n\n\n\n<p>Hier die Beitr\u00e4ge, auf die die Gruppe sehr stolz sein kann!<\/p>\n\n\n\n<p><\/p>\n\n\n\n<p><strong>Rassismus Erfahrungen:<\/strong><\/p>\n\n\n\n<p>Ein Thema, dass in diesem Jahr klar in den Fokus gerutscht ist, f\u00fcr sehr viele Menschen aber leider zum Alltag dazugeh\u00f6rt. Wie es sich das anf\u00fchlt und wie man damit umgehen kann h\u00f6rt ihr hier.<\/p>\n\n\n\n<figure class=\"wp-block-audio\"><audio controls src=\"https:\/\/www.lkjbw.de\/blog\/wp-content\/uploads\/2020\/11\/Beitrag-Rassismus-fertig.mp3\"><\/audio><\/figure>\n\n\n\n<p><\/p>\n\n\n\n<p><strong>Weihnachten in Zeiten von Corona:<\/strong><\/p>\n\n\n\n<p>K\u00f6nnen wir \u00fcberhaupt unter Corona Bedingungen unser gewohntes Weihnachtsfest feiern und ist eine Online-Weihnachtsfeier mit Verwandten eine Alternative?<\/p>\n\n\n\n<figure class=\"wp-block-audio\"><audio controls src=\"https:\/\/www.lkjbw.de\/blog\/wp-content\/uploads\/2020\/11\/Beitrag-Weihnachten-Corona.mp3\"><\/audio><\/figure>\n\n\n\n<p><\/p>\n\n\n\n<p><strong>Freundschaft und Dating in Zeiten von Corona:<\/strong><\/p>\n\n\n\n<p>Wie k\u00f6nnen denn Menschen in dieser Situation \u00fcberhaupt noch zusammenfinden? Gedanken, Erfahrungen und Tipps gibt es hier. <\/p>\n\n\n\n<p>Inklusive der herzlichen Anmoderation durch die Moderatorin Dani Wiese von bigFM:<\/p>\n\n\n\n<figure class=\"wp-block-audio\"><audio controls src=\"https:\/\/www.lkjbw.de\/blog\/wp-content\/uploads\/2021\/01\/Anne-Frank-mit-bigFM-Moderation.mp3\"><\/audio><\/figure>\n","protected":false},"excerpt":{"rendered":"<p>Anfang November waren wir mit unserem Radio Projekt zu Gast an der Anne-Frank-Gemeinschaftsschule in Stuttgart M\u00f6hringen. Besonders an der Schule ist der sehr hohe Anteil an Sch\u00fcler*innen mit Fluchterfahrung oder aus Familien mit Migrationsgeschichte. Ebenso besonders ist auch das gro\u00dfe Engagement der Lehrerin, die sich bei uns f\u00fcr das Projekt beworben hat. Ihr Ziel ist&#8230; <a class=\"moretag\" href=\"https:\/\/www.lkjbw.de\/blog\/2020\/11\/anne-frank-gemeinschaftsschule\/\"> weiterlesen &raquo;<\/a><\/p>\n","protected":false},"author":16,"featured_media":5548,"comment_status":"closed","ping_status":"closed","sticky":false,"template":"","format":"standard","meta":[],"categories":[1],"tags":[],"_links":{"self":[{"href":"https:\/\/www.lkjbw.de\/blog\/wp-json\/wp\/v2\/posts\/5544"}],"collection":[{"href":"https:\/\/www.lkjbw.de\/blog\/wp-json\/wp\/v2\/posts"}],"about":[{"href":"https:\/\/www.lkjbw.de\/blog\/wp-json\/wp\/v2\/types\/post"}],"author":[{"embeddable":true,"href":"https:\/\/www.lkjbw.de\/blog\/wp-json\/wp\/v2\/users\/16"}],"replies":[{"embeddable":true,"href":"https:\/\/www.lkjbw.de\/blog\/wp-json\/wp\/v2\/comments?post=5544"}],"version-history":[{"count":4,"href":"https:\/\/www.lkjbw.de\/blog\/wp-json\/wp\/v2\/posts\/5544\/revisions"}],"predecessor-version":[{"id":5636,"href":"https:\/\/www.lkjbw.de\/blog\/wp-json\/wp\/v2\/posts\/5544\/revisions\/5636"}],"wp:featuredmedia":[{"embeddable":true,"href":"https:\/\/www.lkjbw.de\/blog\/wp-json\/wp\/v2\/media\/5548"}],"wp:attachment":[{"href":"https:\/\/www.lkjbw.de\/blog\/wp-json\/wp\/v2\/media?parent=5544"}],"wp:term":[{"taxonomy":"category","embeddable":true,"href":"https:\/\/www.lkjbw.de\/blog\/wp-json\/wp\/v2\/categories?post=5544"},{"taxonomy":"post_tag","embeddable":true,"href":"https:\/\/www.lkjbw.de\/blog\/wp-json\/wp\/v2\/tags?post=5544"}],"curies":[{"name":"wp","href":"https:\/\/api.w.org\/{rel}","templated":true}]}}