{"id":5646,"date":"2020-11-24T12:45:00","date_gmt":"2020-11-24T10:45:00","guid":{"rendered":"https:\/\/www.lkjbw.de\/blog\/?p=5646"},"modified":"2021-01-12T12:50:30","modified_gmt":"2021-01-12T10:50:30","slug":"adalbert-stifter-schule-gemeinschaftsschule","status":"publish","type":"post","link":"https:\/\/www.lkjbw.de\/blog\/2020\/11\/adalbert-stifter-schule-gemeinschaftsschule\/","title":{"rendered":"Adalbert-Stifter-Schule Gemeinschaftsschule"},"content":{"rendered":"\n<div class=\"wp-block-image\"><figure class=\"alignright size-medium\"><img loading=\"lazy\" width=\"300\" height=\"200\" src=\"https:\/\/www.lkjbw.de\/blog\/wp-content\/uploads\/2021\/01\/DSC_0010-2-300x200.png\" alt=\"\" class=\"wp-image-5647 colorbox-5646\" srcset=\"https:\/\/www.lkjbw.de\/blog\/wp-content\/uploads\/2021\/01\/DSC_0010-2-300x200.png 300w, https:\/\/www.lkjbw.de\/blog\/wp-content\/uploads\/2021\/01\/DSC_0010-2-1024x683.png 1024w, https:\/\/www.lkjbw.de\/blog\/wp-content\/uploads\/2021\/01\/DSC_0010-2-768x512.png 768w, https:\/\/www.lkjbw.de\/blog\/wp-content\/uploads\/2021\/01\/DSC_0010-2-1536x1024.png 1536w, https:\/\/www.lkjbw.de\/blog\/wp-content\/uploads\/2021\/01\/DSC_0010-2-2048x1365.png 2048w, https:\/\/www.lkjbw.de\/blog\/wp-content\/uploads\/2021\/01\/DSC_0010-2-345x230.png 345w, https:\/\/www.lkjbw.de\/blog\/wp-content\/uploads\/2021\/01\/DSC_0010-2-250x167.png 250w, https:\/\/www.lkjbw.de\/blog\/wp-content\/uploads\/2021\/01\/DSC_0010-2-300x200@2x.png 600w, https:\/\/www.lkjbw.de\/blog\/wp-content\/uploads\/2021\/01\/DSC_0010-2-1536x1024@2x.png 3072w, https:\/\/www.lkjbw.de\/blog\/wp-content\/uploads\/2021\/01\/DSC_0010-2-2048x1365@2x.png 4096w, https:\/\/www.lkjbw.de\/blog\/wp-content\/uploads\/2021\/01\/DSC_0010-2-345x230@2x.png 690w, https:\/\/www.lkjbw.de\/blog\/wp-content\/uploads\/2021\/01\/DSC_0010-2-250x167@2x.png 500w\" sizes=\"(max-width: 300px) 100vw, 300px\" \/><\/figure><\/div>\n\n\n\n<p>Ende November verschlug es unsere Medienreferent*innen an die Grenze zu Bayern nach Ulm. Die verschiedenen Sehensw\u00fcrdigkeiten Ulms war auch das Filmthema der Sch\u00fcler*innen der Adalbert-Stifter-Schule, die an der Projektreihe \u201eWir.Hier.Alle \u2013 Integration durch Kunst und Kultur\u201c teilnahmen.<\/p>\n\n\n\n<p>Zum Einstieg animierten die Sch\u00fcler*innen die Buchstaben ihrer Namen, um ein Gef\u00fchl f\u00fcr das Erstellen von Stop-Motion Filmen zu bekommen. Nachdem das gemeinsame Thema beschlossen wurde, teilten sich die Sch\u00fcler*innen in Gruppen auf und recherchierten zu ihrer Sehensw\u00fcrdigkeit. Dadurch konnten sie am folgenden Tag direkt mit der Visualisierung ihres Films starten. Sie malten Figuren und Landschaften f\u00fcr ihre Hintergr\u00fcnde. Die \u00dcbung am Vortag erleichterte den Einstieg in das Filmemachen deutlich und den Sch\u00fcler*innen gelang ein konzentriertes Arbeiten bis zum Ende des Tages. Am letzten Tag nahmen die Sch\u00fcler*innen voller Motivation ihren Ton auf und verpassten ihren Film den endg\u00fcltigen Schliff. Bei der Premiere von \u201eUnsere Highlights in Ulm\u201c waren alle sehr stolz auf das entstandene Werk.<\/p>\n\n\n\n<p><span style=\"color:#ffffff\" class=\"has-inline-color\">v<\/span><\/p>\n\n\n\n<figure class=\"wp-block-embed-youtube wp-block-embed is-type-video is-provider-youtube wp-embed-aspect-16-9 wp-has-aspect-ratio\"><div class=\"wp-block-embed__wrapper\">\n<div class=\"lyte-wrapper\" style=\"width:560px;max-width:100%;margin:5px;\"><div class=\"lyMe\" id=\"WYL_qcfNAj3qoDk\"><div id=\"lyte_qcfNAj3qoDk\" data-src=\"https:\/\/www.lkjbw.de\/blog\/wp-content\/plugins\/wp-youtube-lyte\/lyteCache.php?origThumbUrl=%2F%2Fi.ytimg.com%2Fvi%2FqcfNAj3qoDk%2Fhqdefault.jpg\" class=\"pL\"><div class=\"tC\"><div class=\"tT\"><\/div><\/div><div class=\"play\"><\/div><div class=\"ctrl\"><div class=\"Lctrl\"><\/div><div class=\"Rctrl\"><\/div><\/div><\/div><noscript><a href=\"https:\/\/youtu.be\/qcfNAj3qoDk\"><img class=\"colorbox-5646\"  src=\"https:\/\/www.lkjbw.de\/blog\/wp-content\/plugins\/wp-youtube-lyte\/lyteCache.php?origThumbUrl=https%3A%2F%2Fi.ytimg.com%2Fvi%2FqcfNAj3qoDk%2F0.jpg\" alt=\"\" width=\"560\" height=\"295\" \/><br \/>Dieses Video auf YouTube ansehen<\/a><\/noscript><\/div><\/div><div class=\"lL\" style=\"max-width:100%;width:560px;margin:5px;\"><br\/><span class=\"lyte_disclaimer\">Hinweis: Wenn Sie das Video starten werden Informationen an YouTube gesendet und gespeichert. Bitte beachten Sie unsere Hinweise zum <a href=\"\/blog\/datenschutz\/\">Datenschutz<\/a>.<\/span><\/div>\n<\/div><\/figure>\n","protected":false},"excerpt":{"rendered":"<p>Ende November verschlug es unsere Medienreferent*innen an die Grenze zu Bayern nach Ulm. Die verschiedenen Sehensw\u00fcrdigkeiten Ulms war auch das Filmthema der Sch\u00fcler*innen der Adalbert-Stifter-Schule, die an der Projektreihe \u201eWir.Hier.Alle \u2013 Integration durch Kunst und Kultur\u201c teilnahmen. Zum Einstieg animierten die Sch\u00fcler*innen die Buchstaben ihrer Namen, um ein Gef\u00fchl f\u00fcr das Erstellen von Stop-Motion Filmen&#8230; <a class=\"moretag\" href=\"https:\/\/www.lkjbw.de\/blog\/2020\/11\/adalbert-stifter-schule-gemeinschaftsschule\/\"> weiterlesen &raquo;<\/a><\/p>\n","protected":false},"author":17,"featured_media":5647,"comment_status":"closed","ping_status":"closed","sticky":false,"template":"","format":"standard","meta":[],"categories":[34],"tags":[],"_links":{"self":[{"href":"https:\/\/www.lkjbw.de\/blog\/wp-json\/wp\/v2\/posts\/5646"}],"collection":[{"href":"https:\/\/www.lkjbw.de\/blog\/wp-json\/wp\/v2\/posts"}],"about":[{"href":"https:\/\/www.lkjbw.de\/blog\/wp-json\/wp\/v2\/types\/post"}],"author":[{"embeddable":true,"href":"https:\/\/www.lkjbw.de\/blog\/wp-json\/wp\/v2\/users\/17"}],"replies":[{"embeddable":true,"href":"https:\/\/www.lkjbw.de\/blog\/wp-json\/wp\/v2\/comments?post=5646"}],"version-history":[{"count":1,"href":"https:\/\/www.lkjbw.de\/blog\/wp-json\/wp\/v2\/posts\/5646\/revisions"}],"predecessor-version":[{"id":5648,"href":"https:\/\/www.lkjbw.de\/blog\/wp-json\/wp\/v2\/posts\/5646\/revisions\/5648"}],"wp:featuredmedia":[{"embeddable":true,"href":"https:\/\/www.lkjbw.de\/blog\/wp-json\/wp\/v2\/media\/5647"}],"wp:attachment":[{"href":"https:\/\/www.lkjbw.de\/blog\/wp-json\/wp\/v2\/media?parent=5646"}],"wp:term":[{"taxonomy":"category","embeddable":true,"href":"https:\/\/www.lkjbw.de\/blog\/wp-json\/wp\/v2\/categories?post=5646"},{"taxonomy":"post_tag","embeddable":true,"href":"https:\/\/www.lkjbw.de\/blog\/wp-json\/wp\/v2\/tags?post=5646"}],"curies":[{"name":"wp","href":"https:\/\/api.w.org\/{rel}","templated":true}]}}