{"id":5940,"date":"2021-06-14T14:20:00","date_gmt":"2021-06-14T12:20:00","guid":{"rendered":"https:\/\/www.lkjbw.de\/blog\/?p=5940"},"modified":"2021-08-11T14:21:08","modified_gmt":"2021-08-11T12:21:08","slug":"eberhard-ludwigs-gymnasium-ebelu-in-stuttgart","status":"publish","type":"post","link":"https:\/\/www.lkjbw.de\/blog\/2021\/06\/eberhard-ludwigs-gymnasium-ebelu-in-stuttgart\/","title":{"rendered":"Eberhard-Ludwigs-Gymnasium (Ebelu) in Stuttgart"},"content":{"rendered":"\n<p>Im Juni konnte Radio im Klassenzimmer ganz unverhofft wieder <em>im Klassenzimmer<\/em> stattfinden. Der Workshop mit 12 Sch\u00fcler*innen des Musik-Hochbegabtenzug der 10. Klasse wurde uns durch die gesunkene Inzidenz, dem Impfschutz unserer Referent*innen und die Zustimmung der Schulleitung vor Ort erm\u00f6glicht.<\/p>\n\n\n\n<p>Die Sch\u00fcler*innen des Sonderzugs besuchten unseren Workshop nicht w\u00e4hren der Schulzeit, sondern an freien Nachmittagen und brachten dementsprechend schon im Vorfeld gro\u00dfe Motivation, Eigeninitiative und auch pers\u00f6nliche Themenvorschl\u00e4ge mit. Besonders auf die neuen Erfahrungen im Audioschnitt wurde sich sehr gefreut, da es diesbez\u00fcglich noch wenig Vorkenntnisse innerhalb der Klasse gab.<\/p>\n\n\n\n<div class=\"wp-block-image\"><figure class=\"alignleft size-medium is-resized\"><img loading=\"lazy\" src=\"https:\/\/www.lkjbw.de\/blog\/wp-content\/uploads\/2021\/08\/2021-06_rik_ebelu_03-web-300x225.jpg\" alt=\"Die ganze Klasse mit Mundschutz aber sehr gesch\u00e4ftig im Klasenraum an vielen Laptops im Schaffensprozess\" class=\"wp-image-5945 colorbox-5940\" width=\"300\" height=\"225\" srcset=\"https:\/\/www.lkjbw.de\/blog\/wp-content\/uploads\/2021\/08\/2021-06_rik_ebelu_03-web-300x225.jpg 300w, https:\/\/www.lkjbw.de\/blog\/wp-content\/uploads\/2021\/08\/2021-06_rik_ebelu_03-web-768x576.jpg 768w, https:\/\/www.lkjbw.de\/blog\/wp-content\/uploads\/2021\/08\/2021-06_rik_ebelu_03-web-233x175.jpg 233w, https:\/\/www.lkjbw.de\/blog\/wp-content\/uploads\/2021\/08\/2021-06_rik_ebelu_03-web.jpg 800w, https:\/\/www.lkjbw.de\/blog\/wp-content\/uploads\/2021\/08\/2021-06_rik_ebelu_03-web-300x225@2x.jpg 600w, https:\/\/www.lkjbw.de\/blog\/wp-content\/uploads\/2021\/08\/2021-06_rik_ebelu_03-web-233x175@2x.jpg 466w\" sizes=\"(max-width: 300px) 100vw, 300px\" \/><\/figure><\/div>\n\n\n\n<p>Am ersten Workshoptag st\u00fcrzten sich die Teilnehmenden sofort in die Recherche, in das Schreiben der Skripte und arbeiteten spannende Themen ehrgeizig und substanzvoll auf. Demensprechend nahm diese Arbeit noch \u00fcber den ersten Workshoptag hinaus Zeit in Anspruch.<\/p>\n\n\n\n<p><br>Um so sch\u00f6ner war es, dass unsere Medienreferent*innen vor Ort sein konnten, um die Teilnehmenden am zweiten Tag beim Erstellen der Audiobeitr\u00e4ge begleiten zu k\u00f6nnen und unmittelbar mit Antworten, Tipps und Anweisungen zur Seite standen. Zudem hatten die Sch\u00fcler*innen somit die Chance ihre Beitr\u00e4ge mit Profiger\u00e4ten aufzunehmen und beides sorgte f\u00fcr eine tolle Audioqualit\u00e4t der lebendigen Beitr\u00e4ge.<\/p>\n\n\n\n<p>Wir haben die Atmosph\u00e4re und Dynamik vor Ort sehr genossen und die Sch\u00fcler*innen haben mit gro\u00dfer Offenheit und Engagement sch\u00f6ne Beitr\u00e4ge produziert:<\/p>\n\n\n\n<h3>1. Musik w\u00e4hrend der Corona-Zeit<\/h3>\n\n\n\n<p>In diesem sehr ausf\u00fchrlichen und pers\u00f6nlichen Gespr\u00e4ch erz\u00e4hlen vier Jugendliche, in deren Leben das \u2013 gemeinsame \u2013 Musizieren und Auftritte mit Orchestern eine gro\u00dfe Rolle spielt, wie sie die Zeit ohne Konzerte und gemeinsame \u00dcbungsstunden erlebt haben. Au\u00dferdem werfen sie einen Blick in die Zukunft und geben Einblicke in die Hoffnungen und Zweifel, die sich dann einstellen, wenn man erw\u00e4gt, sein Leben auf ein Musikstudium und eine Karriere als Musiker*in auszurichten.<\/p>\n\n\n\n<figure class=\"wp-block-audio\"><audio controls src=\"https:\/\/www.lkjbw.de\/blog\/wp-content\/uploads\/2021\/08\/Musik-und-Corona-Podi.mp3\"><\/audio><\/figure>\n\n\n\n<h3>2. LGBTQ+ Pride Month<\/h3>\n\n\n\n<p>Seit Stonewall wird der Juni als Monat der besonderen Toleranz jeder Form von Sexualit\u00e4t und Geschlechtlichkeit begangen. Joe Biden ist der dritte US-Pr\u00e4sident, der dazu einen offiziellen <em>Pride Month<\/em> ausgerufen hat. In diesem Beitrag wird von der aktuellen Situation ausgehend ein Blick auf Kulturen vergangener Jahrtausende und Jahrhunderte geworfen. Wie gingen die alten Griechen und Chinesen zum Beispiel mit Homosexualit\u00e4t um? Welche Wandlung hat die Akzeptanz gleichgeschlechtlicher Liebe durch den kirchlichen Einfluss im Mittelalter genommen?<\/p>\n\n\n\n<figure class=\"wp-block-audio\"><audio controls src=\"https:\/\/www.lkjbw.de\/blog\/wp-content\/uploads\/2021\/08\/LGBTQ_Ebelu.mp3\"><\/audio><\/figure>\n\n\n\n<h3>3. Soziale Netzwerke? Ohne mich!<\/h3>\n\n\n\n<p>Zwei Sch\u00fclerinnen wagen das Undenkbare: Sie verzichten \u2013 zumindest vor\u00fcbergehend \u2013 auf soziale Netzwerke. Kein Insta mehr! Und wie geht es ihnen damit? Das beschreiben sie im Gespr\u00e4ch. Und sie erkl\u00e4ren auch, in welcher Weise das st\u00e4ndige Festhalten perfekter Momente sie irgendwann belastet hat, bis hin zur Unf\u00e4higkeit, einfach nur mal den Moment zu genie\u00dfen, ohne sich zu fragen, wie man ihn am besten abbildet. Am Ende kommen sie zum Ergebnis, dass ein Leben ohne Insta gar nicht so schwer ist und dass sie ihm schon jetzt viele positive Aspekte abgewinnen k\u00f6nnen.<\/p>\n\n\n\n<figure class=\"wp-block-audio\"><audio controls src=\"https:\/\/www.lkjbw.de\/blog\/wp-content\/uploads\/2021\/08\/kein-Social-Media-mehr.mp3\"><\/audio><\/figure>\n","protected":false},"excerpt":{"rendered":"<p>Im Juni konnte Radio im Klassenzimmer ganz unverhofft wieder im Klassenzimmer stattfinden. Der Workshop mit 12 Sch\u00fcler*innen des Musik-Hochbegabtenzug der 10. Klasse wurde uns durch die gesunkene Inzidenz, dem Impfschutz unserer Referent*innen und die Zustimmung der Schulleitung vor Ort erm\u00f6glicht. Die Sch\u00fcler*innen des Sonderzugs besuchten unseren Workshop nicht w\u00e4hren der Schulzeit, sondern an freien Nachmittagen&#8230; <a class=\"moretag\" href=\"https:\/\/www.lkjbw.de\/blog\/2021\/06\/eberhard-ludwigs-gymnasium-ebelu-in-stuttgart\/\"> weiterlesen &raquo;<\/a><\/p>\n","protected":false},"author":16,"featured_media":5945,"comment_status":"closed","ping_status":"closed","sticky":false,"template":"","format":"standard","meta":[],"categories":[1],"tags":[],"_links":{"self":[{"href":"https:\/\/www.lkjbw.de\/blog\/wp-json\/wp\/v2\/posts\/5940"}],"collection":[{"href":"https:\/\/www.lkjbw.de\/blog\/wp-json\/wp\/v2\/posts"}],"about":[{"href":"https:\/\/www.lkjbw.de\/blog\/wp-json\/wp\/v2\/types\/post"}],"author":[{"embeddable":true,"href":"https:\/\/www.lkjbw.de\/blog\/wp-json\/wp\/v2\/users\/16"}],"replies":[{"embeddable":true,"href":"https:\/\/www.lkjbw.de\/blog\/wp-json\/wp\/v2\/comments?post=5940"}],"version-history":[{"count":2,"href":"https:\/\/www.lkjbw.de\/blog\/wp-json\/wp\/v2\/posts\/5940\/revisions"}],"predecessor-version":[{"id":5947,"href":"https:\/\/www.lkjbw.de\/blog\/wp-json\/wp\/v2\/posts\/5940\/revisions\/5947"}],"wp:featuredmedia":[{"embeddable":true,"href":"https:\/\/www.lkjbw.de\/blog\/wp-json\/wp\/v2\/media\/5945"}],"wp:attachment":[{"href":"https:\/\/www.lkjbw.de\/blog\/wp-json\/wp\/v2\/media?parent=5940"}],"wp:term":[{"taxonomy":"category","embeddable":true,"href":"https:\/\/www.lkjbw.de\/blog\/wp-json\/wp\/v2\/categories?post=5940"},{"taxonomy":"post_tag","embeddable":true,"href":"https:\/\/www.lkjbw.de\/blog\/wp-json\/wp\/v2\/tags?post=5940"}],"curies":[{"name":"wp","href":"https:\/\/api.w.org\/{rel}","templated":true}]}}