{"id":6190,"date":"2021-12-14T12:23:00","date_gmt":"2021-12-14T10:23:00","guid":{"rendered":"https:\/\/www.lkjbw.de\/blog\/?p=6190"},"modified":"2023-01-11T15:16:07","modified_gmt":"2023-01-11T13:16:07","slug":"friedrich-list-gymnasium-reutlingen-3","status":"publish","type":"post","link":"https:\/\/www.lkjbw.de\/blog\/2021\/12\/friedrich-list-gymnasium-reutlingen-3\/","title":{"rendered":"Friedrich-List-Gymnasium Reutlingen"},"content":{"rendered":"\n<p>Reutlingen macht Radio! 16 Sch\u00fcler*innen des Friedrich-List-Gymnasiums in Reutlingen nahmen Mitte Dezember bei Radio im Klassenzimmer teil. Bereits vor Beginn des Workshops besprach die Klasse die Gruppeneinteilung und Themenfindung, so konnten sie direkt in die Materie starten. Nach einem kurzen Austausch wer wann wie viel Radio h\u00f6rt und welche Bedeutung das Medium zur heutigen Zeit f\u00fcr jede*n hat ging es auch schon los.<\/p>\n\n\n<div class=\"wp-block-image\">\n<figure class=\"alignright size-medium\"><img loading=\"lazy\" width=\"300\" height=\"225\" src=\"https:\/\/www.lkjbw.de\/blog\/wp-content\/uploads\/2022\/01\/RiK-2021_Reutlingen-web-300x225.jpg\" alt=\"Auf einem Startboart steht die klassische checkliste unseres Radioprojektes: oben die beitr\u00e4ge und links die Aufgaben: Aufnahme, Schnitt, Text schreiben, diesen aufnehmen und Mixen. Alle felder zeigen ein H\u00e4kchen.\" class=\"wp-image-6191 colorbox-6190\" srcset=\"https:\/\/www.lkjbw.de\/blog\/wp-content\/uploads\/2022\/01\/RiK-2021_Reutlingen-web-300x225.jpg 300w, https:\/\/www.lkjbw.de\/blog\/wp-content\/uploads\/2022\/01\/RiK-2021_Reutlingen-web-768x576.jpg 768w, https:\/\/www.lkjbw.de\/blog\/wp-content\/uploads\/2022\/01\/RiK-2021_Reutlingen-web-233x175.jpg 233w, https:\/\/www.lkjbw.de\/blog\/wp-content\/uploads\/2022\/01\/RiK-2021_Reutlingen-web.jpg 800w, https:\/\/www.lkjbw.de\/blog\/wp-content\/uploads\/2022\/01\/RiK-2021_Reutlingen-web-300x225@2x.jpg 600w, https:\/\/www.lkjbw.de\/blog\/wp-content\/uploads\/2022\/01\/RiK-2021_Reutlingen-web-233x175@2x.jpg 466w\" sizes=\"(max-width: 300px) 100vw, 300px\" \/><\/figure><\/div>\n\n\n<p>Mit den Medienreferent*innen lernten die Jugendlichen alles Wissenswerte \u00fcber Interviews und die technischen Grundlagen rund um Radio. Die Klasse entschied sich alle Beitr\u00e4ge unter dem gro\u00dfen Thema \u201eErn\u00e4hrung\u201c&nbsp; zu entwerfen, f\u00fchrten Interviews und nahmen die sogenannten O-T\u00f6ne auf. Schnell lernten sie diese mit dem Schnittprogramm Audacity zu schneiden und so standen bereits am Anfang des zweiten Workshop Tages die geschnittenen Umfragen zur Weiterverarbeitung. Anschlie\u00dfend formulierten die Sch\u00fcler*innen die Moderation und das Konzept f\u00fcr den Rest ihrer Beitr\u00e4ge, sprachen die Texte ein, schnitten die Aufnahmen und stellten ihre eigenen Beitr\u00e4ge fertig.<\/p>\n\n\n\n<p>Am Ende der zwei spannenden Tage blieb sogar noch Zeit f\u00fcr einen kleinen Exkurs zum Thema Podcast. Die Klasse definierte den Begriff und entwarf einen Titel und ein Logo f\u00fcr eine Podcast Reihe.<\/p>\n\n\n\n<p>Die fertigen Radio Beitr\u00e4ge der Sch\u00fcler*innen zum Thema Ern\u00e4hrung und Essen sind toll geworden und k\u00f6nnen sich h\u00f6ren lassen:<\/p>\n\n\n\n<h2><\/h2>\n\n\n\n<h3>1. Fastfood<\/h3>\n\n\n\n<p>Wenn man unterwegs ist oder grade keine Zeit oder Lust auf Kochen hat, lockt ein vielf\u00e4ltiges Angebot an Fastfood: D\u00f6ner, Burger, Currywurst, Pommes und Co. Lecker. G\u00fcnstig. Schnell. Aber auch gut f\u00fcr uns? Oder sch\u00e4dlich? Dieser Beitrag geht der Frage nach, welche Meinungen und Gewohnheiten verschiedene Menschen in Bezug auf Fastfood haben \u2013 und ob sie den Verzehr von Fastfood grunds\u00e4tzlich f\u00fcr sch\u00e4dlich halten.<\/p>\n\n\n\n<figure class=\"wp-block-audio\"><audio controls src=\"https:\/\/www.lkjbw.de\/blog\/wp-content\/uploads\/2022\/01\/Beitrag-Fastfood.mp3\"><\/audio><\/figure>\n\n\n\n<h3>2. Essenskulturen<\/h3>\n\n\n\n<p>Tischdecken nervt \u2013 aber Essen in ansprechendem Ambiente und im Familienkreis ist sch\u00f6n. War das schon im alten Rom so? Dieser Beitrag schl\u00e4gt einen Bogen von einem (nat\u00fcrlich fiktiven) Jugendlichen im alten Rom zu unseren heutigen Zeit. Die Geschichte wird an Aspekten des Themas entlang erz\u00e4hlt: Was bedeutet Tischkultur, wie halten wir es mit ihr und welche Regeln gibt es am Tisch zu beachten? Ein ernstes Thema, \u00fcber das man bestimmt trefflich und angeregt diskutieren, das man aber manchmal auch mit einem Augenzwinkern angehen kann.<\/p>\n\n\n\n<figure class=\"wp-block-audio\"><audio controls src=\"https:\/\/www.lkjbw.de\/blog\/wp-content\/uploads\/2022\/01\/Beitrag-Esskulturen.mp3\"><\/audio><\/figure>\n\n\n\n<h3>3. Allergien<\/h3>\n\n\n\n<p>Lactose-Intoleranz. Erdnussallergie. Tomaten-Unvertr\u00e4glichkeit. Die Liste der Lebensmittelunvertr\u00e4glichkeiten ist lang \u2013 und sie wird immer l\u00e4nger. Eine steigende Zahl von Menschen ist von Allergien und Unvertr\u00e4glichkeiten betroffen. In diesem Beitrag kommen einige dieser Menschen zu Wort. Au\u00dferdem gibt es ein Interview mit einer Biologielehrerin, die erz\u00e4hlt, welche Prozesse im K\u00f6rper ablaufen, wenn es zu einer allergischen Reaktion kommt und ob es m\u00f6glich ist, eine Allergie zu behandeln bzw. zu \u00fcberwinden.<\/p>\n\n\n\n<figure class=\"wp-block-audio\"><audio controls src=\"https:\/\/www.lkjbw.de\/blog\/wp-content\/uploads\/2022\/01\/Beitrag-Allergien.mp3\"><\/audio><\/figure>\n\n\n\n<h3>4. Vegetarisch, Vegan und Co<\/h3>\n\n\n\n<p>Immer mehr Menschen entscheiden sich f\u00fcr eine Ern\u00e4hrung ohne Fleisch oder sogar v\u00f6llig ohne tierische Produkte. Vegan und vegetarisch sind im Trend. Woran liegt es? Was steckt hinter der Entscheidung, auf tierische Produkte zu verzichten? Und wie reagiert das Umfeld, wenn man diesen Entschluss getroffen hat? In diesem Beitrag werden Menschen vorgestellt, die sich viele Gedanken gemacht haben und zur Entscheidung gelangt sind, sich nach einem bestimmten Prinzip zu ern\u00e4hren.<\/p>\n\n\n\n<figure class=\"wp-block-audio\"><audio controls src=\"https:\/\/www.lkjbw.de\/blog\/wp-content\/uploads\/2022\/01\/Beitrag-Fleisch-vegetarisch.mp3\"><\/audio><\/figure>\n","protected":false},"excerpt":{"rendered":"<p>Reutlingen macht Radio! 16 Sch\u00fcler*innen des Friedrich-List-Gymnasiums in Reutlingen nahmen Mitte Dezember bei Radio im Klassenzimmer teil. Bereits vor Beginn des Workshops besprach die Klasse die Gruppeneinteilung und Themenfindung, so konnten sie direkt in die Materie starten. Nach einem kurzen Austausch wer wann wie viel Radio h\u00f6rt und welche Bedeutung das Medium zur heutigen Zeit&#8230; <a class=\"moretag\" href=\"https:\/\/www.lkjbw.de\/blog\/2021\/12\/friedrich-list-gymnasium-reutlingen-3\/\"> weiterlesen &raquo;<\/a><\/p>\n","protected":false},"author":16,"featured_media":6191,"comment_status":"closed","ping_status":"closed","sticky":false,"template":"","format":"standard","meta":[],"categories":[1],"tags":[],"_links":{"self":[{"href":"https:\/\/www.lkjbw.de\/blog\/wp-json\/wp\/v2\/posts\/6190"}],"collection":[{"href":"https:\/\/www.lkjbw.de\/blog\/wp-json\/wp\/v2\/posts"}],"about":[{"href":"https:\/\/www.lkjbw.de\/blog\/wp-json\/wp\/v2\/types\/post"}],"author":[{"embeddable":true,"href":"https:\/\/www.lkjbw.de\/blog\/wp-json\/wp\/v2\/users\/16"}],"replies":[{"embeddable":true,"href":"https:\/\/www.lkjbw.de\/blog\/wp-json\/wp\/v2\/comments?post=6190"}],"version-history":[{"count":6,"href":"https:\/\/www.lkjbw.de\/blog\/wp-json\/wp\/v2\/posts\/6190\/revisions"}],"predecessor-version":[{"id":7232,"href":"https:\/\/www.lkjbw.de\/blog\/wp-json\/wp\/v2\/posts\/6190\/revisions\/7232"}],"wp:featuredmedia":[{"embeddable":true,"href":"https:\/\/www.lkjbw.de\/blog\/wp-json\/wp\/v2\/media\/6191"}],"wp:attachment":[{"href":"https:\/\/www.lkjbw.de\/blog\/wp-json\/wp\/v2\/media?parent=6190"}],"wp:term":[{"taxonomy":"category","embeddable":true,"href":"https:\/\/www.lkjbw.de\/blog\/wp-json\/wp\/v2\/categories?post=6190"},{"taxonomy":"post_tag","embeddable":true,"href":"https:\/\/www.lkjbw.de\/blog\/wp-json\/wp\/v2\/tags?post=6190"}],"curies":[{"name":"wp","href":"https:\/\/api.w.org\/{rel}","templated":true}]}}