{"id":6218,"date":"2022-01-21T12:12:00","date_gmt":"2022-01-21T10:12:00","guid":{"rendered":"https:\/\/www.lkjbw.de\/blog\/?p=6218"},"modified":"2023-01-18T11:25:53","modified_gmt":"2023-01-18T09:25:53","slug":"albert-einstein-gymnasium-ulm","status":"publish","type":"post","link":"https:\/\/www.lkjbw.de\/blog\/2022\/01\/albert-einstein-gymnasium-ulm\/","title":{"rendered":"Albert-Einstein-Gymnasium Ulm"},"content":{"rendered":"\n<p>Wer bin ich und wer will ich sein? Mit diesen Fragen hat sich eine Gruppe des Albert-Einstein-Gymnasiums bei dem zweit\u00e4gigen Workshop im Rahmen von \u201eImPerfect\u201c besch\u00e4ftigt. Mitte Dezember startete das Projekt an der Ulmer Schule und gleich zu Beginn setzen sie sich mit unterschiedlichen Perspektiven auf ihre eigene Pers\u00f6nlichkeit auseinander: Wie werde ich von Gleichaltrigen und wie zum Beispiel von \u00e4lteren Familienmitgliedern wahrgenommen? Schnell kamen sie zu der Erkenntnis, dass sie von unterschiedlichen Menschen auch unterschiedlich wahrgenommen werden.<\/p>\n\n\n<div class=\"wp-block-image\">\n<figure class=\"alignright size-medium\"><img loading=\"lazy\" width=\"300\" height=\"200\" src=\"https:\/\/www.lkjbw.de\/blog\/wp-content\/uploads\/2022\/02\/DSC_0003-web-300x200.jpg\" alt=\"Teilnehmende, die mit einer Kamera Videoaufnahmen machen und scheinen sehr fixiert auf ihre arbeit\" class=\"wp-image-6219 colorbox-6218\" srcset=\"https:\/\/www.lkjbw.de\/blog\/wp-content\/uploads\/2022\/02\/DSC_0003-web-300x200.jpg 300w, https:\/\/www.lkjbw.de\/blog\/wp-content\/uploads\/2022\/02\/DSC_0003-web-768x512.jpg 768w, https:\/\/www.lkjbw.de\/blog\/wp-content\/uploads\/2022\/02\/DSC_0003-web-345x230.jpg 345w, https:\/\/www.lkjbw.de\/blog\/wp-content\/uploads\/2022\/02\/DSC_0003-web-250x167.jpg 250w, https:\/\/www.lkjbw.de\/blog\/wp-content\/uploads\/2022\/02\/DSC_0003-web.jpg 800w, https:\/\/www.lkjbw.de\/blog\/wp-content\/uploads\/2022\/02\/DSC_0003-web-300x200@2x.jpg 600w, https:\/\/www.lkjbw.de\/blog\/wp-content\/uploads\/2022\/02\/DSC_0003-web-345x230@2x.jpg 690w, https:\/\/www.lkjbw.de\/blog\/wp-content\/uploads\/2022\/02\/DSC_0003-web-250x167@2x.jpg 500w\" sizes=\"(max-width: 300px) 100vw, 300px\" \/><\/figure><\/div>\n\n\n<p>Nach diesem ersten Kennenlernen ging es auch schon richtig los: Die Sch\u00fcler*innen sollten bei einem interaktiven Spiel herausfinden, welche der gezeigten Bilder unbearbeitet sind und welche bearbeitet wurden. Beim Betrachten der L\u00f6sung waren viele sehr verwundert und erkannten, dass nicht alles, was beispielsweise auf den sozialen Medien gepostet wird, immer 100 Prozent der Realit\u00e4t entspricht.<\/p>\n\n\n\n<p>Anschlie\u00dfend wurden die Teilnehmenden selbst kreativ. Mit einem Input \u00fcber die Grundlagen der Fotografie waren sie bestens gewappnet f\u00fcr die kommende Aufgabe: Es galt ein eigenes Profil in der fiktiven ImPerfect App zu erstellen. Das bedeutet ein Beitragsbild, einen Beschreibungstext und ein Profilbild zu entwerfen. Bevor es jedoch ans Fotografieren ging, setzen sich die Teilnehmenden mit ihrer eigenen Pers\u00f6nlichkeit auseinander und kamen so auf tolle Ideen f\u00fcr ihr Profil. F\u00fcr die Umsetzung ihrer Ideen bauten die Sch\u00fcler*innen eine Fotowand auf und lichteten sich selbst\u00e4ndig ab.<\/p>\n\n\n\n<p>Am zweiten Workshop Tag machten sich die Jugendlichen nach einer kurzen Reflexion der bisherigen Inhalte direkt ans Fotografieren ihrer Beitragsbilder. Hierf\u00fcr w\u00e4hlten sie ganz verschiedene M\u00f6glichkeiten dies umzusetzen. Ob mit dem iPad oder der Kamera, in der Natur oder vor einem Greenscreen, bei allen Sch\u00fcler*innen entstanden tolle Bilder.<\/p>\n\n\n<div class=\"wp-block-image\">\n<figure class=\"alignleft size-medium\"><img loading=\"lazy\" width=\"300\" height=\"217\" src=\"https:\/\/www.lkjbw.de\/blog\/wp-content\/uploads\/2022\/02\/ImPerfect_Caroline-web-300x217.jpg\" alt=\"Ein ImPerfect Profil mit Beitragsbild, Beschreibungstext und Profilbild eine*r Teilnehmenden.\" class=\"wp-image-6220 colorbox-6218\" srcset=\"https:\/\/www.lkjbw.de\/blog\/wp-content\/uploads\/2022\/02\/ImPerfect_Caroline-web-300x217.jpg 300w, https:\/\/www.lkjbw.de\/blog\/wp-content\/uploads\/2022\/02\/ImPerfect_Caroline-web-242x175.jpg 242w, https:\/\/www.lkjbw.de\/blog\/wp-content\/uploads\/2022\/02\/ImPerfect_Caroline-web.jpg 737w, https:\/\/www.lkjbw.de\/blog\/wp-content\/uploads\/2022\/02\/ImPerfect_Caroline-web-300x217@2x.jpg 600w, https:\/\/www.lkjbw.de\/blog\/wp-content\/uploads\/2022\/02\/ImPerfect_Caroline-web-242x175@2x.jpg 484w\" sizes=\"(max-width: 300px) 100vw, 300px\" \/><\/figure><\/div>\n\n\n<p>Der n\u00e4chste Schritt war es, die eben geschossenen Fotos zu bearbeiten. Mit Unterst\u00fctzung der Referierenden lernten die Jugendlichen ihre Bilder individuell digital zu bearbeiten. So kamen am Ende des Tages viele beeindruckende Bilder zustande. Vom eigenen Auge im Sonnenuntergang \u00fcber Fotos mit politischem Statement bis hin zum Bild w\u00e4hrend des Volleyballspielens war alles dabei.<\/p>\n\n\n\n<p>Als Abschluss der zwei Tage pr\u00e4sentierten sich alle gegenseitig ihre Profile und tauschte sich \u00fcber die neuen Erfahrungen aus. Wir sind begeistert von der Kreativit\u00e4t und den vielen individuellen Profilen der Gruppe.<\/p>\n","protected":false},"excerpt":{"rendered":"<p>Wer bin ich und wer will ich sein? Mit diesen Fragen hat sich eine Gruppe des Albert-Einstein-Gymnasiums bei dem zweit\u00e4gigen Workshop im Rahmen von \u201eImPerfect\u201c besch\u00e4ftigt. Mitte Dezember startete das Projekt an der Ulmer Schule und gleich zu Beginn setzen sie sich mit unterschiedlichen Perspektiven auf ihre eigene Pers\u00f6nlichkeit auseinander: Wie werde ich von Gleichaltrigen&#8230; <a class=\"moretag\" href=\"https:\/\/www.lkjbw.de\/blog\/2022\/01\/albert-einstein-gymnasium-ulm\/\"> weiterlesen &raquo;<\/a><\/p>\n","protected":false},"author":17,"featured_media":6219,"comment_status":"closed","ping_status":"closed","sticky":false,"template":"","format":"standard","meta":[],"categories":[39],"tags":[],"_links":{"self":[{"href":"https:\/\/www.lkjbw.de\/blog\/wp-json\/wp\/v2\/posts\/6218"}],"collection":[{"href":"https:\/\/www.lkjbw.de\/blog\/wp-json\/wp\/v2\/posts"}],"about":[{"href":"https:\/\/www.lkjbw.de\/blog\/wp-json\/wp\/v2\/types\/post"}],"author":[{"embeddable":true,"href":"https:\/\/www.lkjbw.de\/blog\/wp-json\/wp\/v2\/users\/17"}],"replies":[{"embeddable":true,"href":"https:\/\/www.lkjbw.de\/blog\/wp-json\/wp\/v2\/comments?post=6218"}],"version-history":[{"count":7,"href":"https:\/\/www.lkjbw.de\/blog\/wp-json\/wp\/v2\/posts\/6218\/revisions"}],"predecessor-version":[{"id":7382,"href":"https:\/\/www.lkjbw.de\/blog\/wp-json\/wp\/v2\/posts\/6218\/revisions\/7382"}],"wp:featuredmedia":[{"embeddable":true,"href":"https:\/\/www.lkjbw.de\/blog\/wp-json\/wp\/v2\/media\/6219"}],"wp:attachment":[{"href":"https:\/\/www.lkjbw.de\/blog\/wp-json\/wp\/v2\/media?parent=6218"}],"wp:term":[{"taxonomy":"category","embeddable":true,"href":"https:\/\/www.lkjbw.de\/blog\/wp-json\/wp\/v2\/categories?post=6218"},{"taxonomy":"post_tag","embeddable":true,"href":"https:\/\/www.lkjbw.de\/blog\/wp-json\/wp\/v2\/tags?post=6218"}],"curies":[{"name":"wp","href":"https:\/\/api.w.org\/{rel}","templated":true}]}}