{"id":6231,"date":"2022-01-19T12:35:00","date_gmt":"2022-01-19T10:35:00","guid":{"rendered":"https:\/\/www.lkjbw.de\/blog\/?p=6231"},"modified":"2023-01-11T15:12:56","modified_gmt":"2023-01-11T13:12:56","slug":"albert-einstein-gymansium-ulm","status":"publish","type":"post","link":"https:\/\/www.lkjbw.de\/blog\/2022\/01\/albert-einstein-gymansium-ulm\/","title":{"rendered":"Albert-Einstein-Gymnasium Ulm"},"content":{"rendered":"\n<p>Kurz vor ihrem Abitur waren 17 Sch\u00fcler*innen des Albert-Einstein-Gymnasiums Teil des Projekts: Radio im Klassenzimmer. Mitte Januar kamen unsere zwei Medienreferenten nach Ulm und brachten so kurz vor den Pr\u00fcfungen nochmal eine willkommene Abwechslung an die Schule.<\/p>\n\n\n<div class=\"wp-block-image\">\n<figure class=\"alignright size-medium\"><img loading=\"lazy\" width=\"300\" height=\"200\" src=\"https:\/\/www.lkjbw.de\/blog\/wp-content\/uploads\/2022\/02\/RiK_Ulm_SRT-300x200.jpg\" alt=\"Eine Teilnehmer*in h\u00e4lt ein Zoom Aufnahmeger\u00e4t in der Hand. Im Hintergrund steht auch schon der Laptop bereit.\" class=\"wp-image-6232 colorbox-6231\" srcset=\"https:\/\/www.lkjbw.de\/blog\/wp-content\/uploads\/2022\/02\/RiK_Ulm_SRT-300x200.jpg 300w, https:\/\/www.lkjbw.de\/blog\/wp-content\/uploads\/2022\/02\/RiK_Ulm_SRT-768x512.jpg 768w, https:\/\/www.lkjbw.de\/blog\/wp-content\/uploads\/2022\/02\/RiK_Ulm_SRT-345x230.jpg 345w, https:\/\/www.lkjbw.de\/blog\/wp-content\/uploads\/2022\/02\/RiK_Ulm_SRT-250x167.jpg 250w, https:\/\/www.lkjbw.de\/blog\/wp-content\/uploads\/2022\/02\/RiK_Ulm_SRT.jpg 800w, https:\/\/www.lkjbw.de\/blog\/wp-content\/uploads\/2022\/02\/RiK_Ulm_SRT-300x200@2x.jpg 600w, https:\/\/www.lkjbw.de\/blog\/wp-content\/uploads\/2022\/02\/RiK_Ulm_SRT-345x230@2x.jpg 690w, https:\/\/www.lkjbw.de\/blog\/wp-content\/uploads\/2022\/02\/RiK_Ulm_SRT-250x167@2x.jpg 500w\" sizes=\"(max-width: 300px) 100vw, 300px\" \/><\/figure><\/div>\n\n\n<p>Der erste Tag startete mit dem Austausch \u00fcber die H\u00f6rgewohnheiten, wobei schnell klar wurde, kaum jemand der Gruppe h\u00f6rt regelm\u00e4\u00dfig Radio. Das Interesse daran selbst Radio zu machen war daf\u00fcr aber umso gr\u00f6\u00dfer. So ging es nach dem ersten theoretischen Input auch schon an die Praxis. Die Teilnehmenden recherchierten wild f\u00fcr ihre Beitr\u00e4ge, machten erste O-Ton-Aufnahmen und waren mit handlichen Tipps und Tricks f\u00fcr die anstehenden Interviews gewappnet. Schon am ersten Tag konnten die Sch\u00fcler*innen Teile ihrer Beitr\u00e4ge mit einem Audioschnittprogramm schneiden und bearbeiten.<\/p>\n\n\n\n<p>Gleich am n\u00e4chsten Tag ging es weiter mit der Radioarbeit. Zuerst schrieben die Jugendlichen eine Anmoderation passend f\u00fcr ihre Beitr\u00e4ge, die sie dann sp\u00e4ter einsprachen. Nachdem sie diese Aufnahmen gemacht hatten, stellten sie die Beitr\u00e4ge fertig und verliehen ihnen mit dem kostenlosen Schnittprogramm Audacity den letzten Feinschliff.<\/p>\n\n\n\n<p>Da einige Gruppen schnell fertig wurden, produzierten sie gleich zwei Beitr\u00e4ge. Es entstand sch\u00f6nes Bonus-Material mit Interviews \u00fcber den Workshops und kreativen Anleitungen selbst einen Radio Beitrag zu machen.<\/p>\n\n\n\n<h2>Beitr\u00e4ge<\/h2>\n\n\n\n<h3>1. Cannabis-Legalisierung&nbsp;<\/h3>\n\n\n\n<p>Mit der Ampelkoalition ist Bewegung in die seit Jahrzehnten w\u00e4hrende Debatte um die Legalisierung von Cannabis gekommen. Ma\u00dfgeblich die FDP und die Gr\u00fcnen haben daf\u00fcr gesorgt, dass diese Frage Eingang in den Koalitionsvertrag findet. In diesem Beitrag wird noch einmal die bewegte Geschichte nachvollzogen, die Cannabis in den deutschen Gesetzen seit \u00fcber 100 Jahren hat. Au\u00dferdem kommt ein Gemeinschaftskundelehrer des Albert-Einstein-Gymnasiums zu Wort, der seine Sicht auf das Thema schildert.<\/p>\n\n\n\n<figure class=\"wp-block-audio\"><audio controls src=\"https:\/\/www.lkjbw.de\/blog\/wp-content\/uploads\/2022\/02\/Beitrag_Cannabis_fertig.mp3\"><\/audio><\/figure>\n\n\n\n<h3>2. Olympische Winterspiele<\/h3>\n\n\n\n<p>Normalerweise freuen wir uns alle auf Olympische Spiele. Wir freuen uns auf spannende Wettk\u00e4mpfe, auf sch\u00f6ne Bilder, auf dramatische und knappe Entscheidungen, auf Medaillen und auf Weltrekorde. Doch diesmal ist die Vorfreude getr\u00fcbt. Denn Gastgeber der Olympischen Winterspiele ist China, also ein Land, dem man antidemokratische Tendenzen und Verst\u00f6\u00dfe gegen die Menschenrechte nachsagt. Ein Grund f\u00fcr Boykott? Wie politisch m\u00fcssen sportliche Wettk\u00e4mpfe und Sportler*innen sein? Der Beitrag geht dieser kontroversen Frage nach.<\/p>\n\n\n\n<figure class=\"wp-block-audio\"><audio controls src=\"https:\/\/www.lkjbw.de\/blog\/wp-content\/uploads\/2022\/02\/Beitrag-Olympia.mp3\"><\/audio><\/figure>\n\n\n\n<h3>3. Literatur im Abitur<\/h3>\n\n\n\n<p>Goethes <em>Faust<\/em>, Hesses <em>Steppenwolf, <\/em>E.T.A. Hoffmanns <em>Der goldne Topf<\/em> \u2013 so hei\u00dfen die Lekt\u00fcren f\u00fcr das diesj\u00e4hrige Abitur in Baden-W\u00fcrttemberg. Geht\u2019s nicht auch ein bisschen moderner? Oder sind diese Lekt\u00fcren etwa trotz ihres Alters hochmodern, einfach nur aufgrund der Themen, die sie behandeln? Diese Fragen kann man kontrovers diskutieren. Und dies tut dieser Beitrag auch. Und zwar auf besondere, kreative Weise. Warum auch nicht literarisch werden, wenn man es mit einem literarischen Thema zu tun hat?<\/p>\n\n\n\n<figure class=\"wp-block-audio\"><audio controls src=\"https:\/\/www.lkjbw.de\/blog\/wp-content\/uploads\/2022\/02\/Literatur-im-Abi.mp3\"><\/audio><\/figure>\n\n\n\n<h3>4. Legale Drogen<\/h3>\n\n\n\n<p>In unserer Gesellschaft geh\u00f6ren legale Drogen wie Alkohol und Tabak einfach dazu. Viele Erwachsene konsumieren sie regelm\u00e4\u00dfig, mal mehr und mal weniger, ob nun im Alltag oder zu bestimmten Anl\u00e4ssen. Kein Wunder also, dass auch Jugendliche irgendwann mit der Frage konfrontiert sind, wie sie es denn mit den legalen Rauschmitteln halten. Wer hilft ihnen dabei, die (f\u00fcr sie) richtige Entscheidung zu treffen? Die Eltern? Die Schule? Und wie wird gerade die Schule ihrem Auftrag gerecht, die Jugendlichen auf ihrem Weg zu m\u00fcndigen B\u00fcrger*innen zu begleiten?<\/p>\n\n\n\n<figure class=\"wp-block-audio\"><audio controls src=\"https:\/\/www.lkjbw.de\/blog\/wp-content\/uploads\/2022\/02\/Konsum-Legale-Drogen-an-den-Schulen.mp3\"><\/audio><\/figure>\n\n\n\n<h3>Bonus 1: Backe, backe Beitrag<\/h3>\n\n\n\n<p>Wie bereitet man einen Radiobeitrag zu? Dieser Beitrag geht dieser Frage auf sehr kreative und humoristische Art und Weise auf den Grund. Wohl bekomm\u2019s!<\/p>\n\n\n\n<figure class=\"wp-block-audio\"><audio controls src=\"https:\/\/www.lkjbw.de\/blog\/wp-content\/uploads\/2022\/02\/Backe-Backe-Radio.mp3\"><\/audio><\/figure>\n\n\n\n<h3>Bonus 2: Interviews Radioprojekt<\/h3>\n\n\n\n<p>Zwei Tage lang haben Sch\u00fclerinnen und Sch\u00fcler des Albert-Einstein-Gymnasiums Radiobeitr\u00e4ge gebaut. Wie war\u2019s? Was hat besonders \u00fcberrascht? Und konnten die beiden Herren von der LKJ ein interessantes Programm bieten? Drei Teilnehmer*innen aus der Gruppe kommen in diesem Interviewbeitrag zu Wort.<\/p>\n\n\n\n<figure class=\"wp-block-audio\"><audio controls src=\"https:\/\/www.lkjbw.de\/blog\/wp-content\/uploads\/2022\/02\/Umfrage-Die-zwei-Herren.mp3\"><\/audio><\/figure>\n","protected":false},"excerpt":{"rendered":"<p>Kurz vor ihrem Abitur waren 17 Sch\u00fcler*innen des Albert-Einstein-Gymnasiums Teil des Projekts: Radio im Klassenzimmer. Mitte Januar kamen unsere zwei Medienreferenten nach Ulm und brachten so kurz vor den Pr\u00fcfungen nochmal eine willkommene Abwechslung an die Schule. Der erste Tag startete mit dem Austausch \u00fcber die H\u00f6rgewohnheiten, wobei schnell klar wurde, kaum jemand der Gruppe&#8230; <a class=\"moretag\" href=\"https:\/\/www.lkjbw.de\/blog\/2022\/01\/albert-einstein-gymansium-ulm\/\"> weiterlesen &raquo;<\/a><\/p>\n","protected":false},"author":17,"featured_media":6232,"comment_status":"closed","ping_status":"closed","sticky":false,"template":"","format":"standard","meta":[],"categories":[1],"tags":[],"_links":{"self":[{"href":"https:\/\/www.lkjbw.de\/blog\/wp-json\/wp\/v2\/posts\/6231"}],"collection":[{"href":"https:\/\/www.lkjbw.de\/blog\/wp-json\/wp\/v2\/posts"}],"about":[{"href":"https:\/\/www.lkjbw.de\/blog\/wp-json\/wp\/v2\/types\/post"}],"author":[{"embeddable":true,"href":"https:\/\/www.lkjbw.de\/blog\/wp-json\/wp\/v2\/users\/17"}],"replies":[{"embeddable":true,"href":"https:\/\/www.lkjbw.de\/blog\/wp-json\/wp\/v2\/comments?post=6231"}],"version-history":[{"count":5,"href":"https:\/\/www.lkjbw.de\/blog\/wp-json\/wp\/v2\/posts\/6231\/revisions"}],"predecessor-version":[{"id":7229,"href":"https:\/\/www.lkjbw.de\/blog\/wp-json\/wp\/v2\/posts\/6231\/revisions\/7229"}],"wp:featuredmedia":[{"embeddable":true,"href":"https:\/\/www.lkjbw.de\/blog\/wp-json\/wp\/v2\/media\/6232"}],"wp:attachment":[{"href":"https:\/\/www.lkjbw.de\/blog\/wp-json\/wp\/v2\/media?parent=6231"}],"wp:term":[{"taxonomy":"category","embeddable":true,"href":"https:\/\/www.lkjbw.de\/blog\/wp-json\/wp\/v2\/categories?post=6231"},{"taxonomy":"post_tag","embeddable":true,"href":"https:\/\/www.lkjbw.de\/blog\/wp-json\/wp\/v2\/tags?post=6231"}],"curies":[{"name":"wp","href":"https:\/\/api.w.org\/{rel}","templated":true}]}}