{"id":6394,"date":"2022-02-23T15:00:00","date_gmt":"2022-02-23T13:00:00","guid":{"rendered":"https:\/\/www.lkjbw.de\/blog\/?p=6394"},"modified":"2023-01-18T11:22:57","modified_gmt":"2023-01-18T09:22:57","slug":"hoelderlin-gymnasium-stuttgart","status":"publish","type":"post","link":"https:\/\/www.lkjbw.de\/blog\/2022\/02\/hoelderlin-gymnasium-stuttgart\/","title":{"rendered":"H\u00f6lderlin-Gymnasium Stuttgart"},"content":{"rendered":"\n<p>Zeig mal, wer du bist! Ende Februar nahm eine Gruppe des H\u00f6lderlin-Gymnasiums in Stuttgart an einem ImPerfect-Workshop teil und startete das Projekt einer kreativen Selbstdarstellung auf dem fiktiven ImPerfect-Profil.<\/p>\n\n\n<div class=\"wp-block-image\">\n<figure class=\"alignleft size-medium\"><img loading=\"lazy\" width=\"300\" height=\"200\" src=\"https:\/\/www.lkjbw.de\/blog\/wp-content\/uploads\/2022\/04\/DSC_0081-300x200.jpg\" alt=\"Bildschirm eines Labtops mit der Frage wie lange nutzt ihr social media t\u00e4glich\" class=\"wp-image-6395 colorbox-6394\" srcset=\"https:\/\/www.lkjbw.de\/blog\/wp-content\/uploads\/2022\/04\/DSC_0081-300x200.jpg 300w, https:\/\/www.lkjbw.de\/blog\/wp-content\/uploads\/2022\/04\/DSC_0081-1024x683.jpg 1024w, https:\/\/www.lkjbw.de\/blog\/wp-content\/uploads\/2022\/04\/DSC_0081-768x512.jpg 768w, https:\/\/www.lkjbw.de\/blog\/wp-content\/uploads\/2022\/04\/DSC_0081-1536x1024.jpg 1536w, https:\/\/www.lkjbw.de\/blog\/wp-content\/uploads\/2022\/04\/DSC_0081-2048x1365.jpg 2048w, https:\/\/www.lkjbw.de\/blog\/wp-content\/uploads\/2022\/04\/DSC_0081-345x230.jpg 345w, https:\/\/www.lkjbw.de\/blog\/wp-content\/uploads\/2022\/04\/DSC_0081-250x167.jpg 250w, https:\/\/www.lkjbw.de\/blog\/wp-content\/uploads\/2022\/04\/DSC_0081-300x200@2x.jpg 600w, https:\/\/www.lkjbw.de\/blog\/wp-content\/uploads\/2022\/04\/DSC_0081-345x230@2x.jpg 690w, https:\/\/www.lkjbw.de\/blog\/wp-content\/uploads\/2022\/04\/DSC_0081-250x167@2x.jpg 500w\" sizes=\"(max-width: 300px) 100vw, 300px\" \/><\/figure><\/div>\n\n\n<p>Der Tag starte auch gleich mit einer spannenden Vorstellungsrunde. Die Jugendlichen stellten sich der Gruppe aus zwei verschiedenen Perspektiven vor: Einmal aus der Perspektive einer deutlich \u00e4lteren Person aus der Familie, und einmal aus der Sicht einer guten Freundin oder eines guten Freunds. Dabei teilten sie pers\u00f6nliche Erfahrungen und erkannten, dass sie ganz unterschiedliche Wirkungen auf verschiedene Menschen haben k\u00f6nnen.<br>Nach der Kennenlernrunde sammelten die Sch\u00fcler*innen die Chancen und Risiken Sozialer Medien und besprachen, wie sie diese pers\u00f6nlich nutzten. Bevor die Gruppe in den Praxisteil des Workshops startete, machten sich die Teilnehmenden Gedanken \u00fcber ihre individuellen F\u00e4higkeiten und Interessen. Sie lie\u00dfen sich von unterschiedlichen Schaubildern und Grafiken inspirieren.<\/p>\n\n\n\n<p>Die Aufgabe war nun die eben gesammelten F\u00e4higkeiten und individuellen Eigenschaften in einem fiktiven ImPerfect-Profil darzustellen. Dazu geh\u00f6rt ein Beitragsbild sowie -text und ein Profilbild.<br>Gemeinsam mit den Referierenden besprachen die Jugendlichen die M\u00f6glichkeiten ihre Interessen in dem Profil aufzuzeigen und ihre Kreativit\u00e4t sprudelte nur so. Alle hatten tolle Ideen, die sie auch gleich umsetzten wollten.<\/p>\n\n\n\n<figure class=\"wp-block-image size-full\"><img loading=\"lazy\" width=\"960\" height=\"540\" src=\"https:\/\/www.lkjbw.de\/blog\/wp-content\/uploads\/2022\/04\/ImPerfect-Pr\u00e4sentation-der-Projekte-ohne-nachname.png\" alt=\"Ein M\u00e4dchen hat sich in das Universum bearbeitet und hat als Kopf einen Planeten.\" class=\"wp-image-6396 colorbox-6394\" srcset=\"https:\/\/www.lkjbw.de\/blog\/wp-content\/uploads\/2022\/04\/ImPerfect-Pr\u00e4sentation-der-Projekte-ohne-nachname.png 960w, https:\/\/www.lkjbw.de\/blog\/wp-content\/uploads\/2022\/04\/ImPerfect-Pr\u00e4sentation-der-Projekte-ohne-nachname-300x169.png 300w, https:\/\/www.lkjbw.de\/blog\/wp-content\/uploads\/2022\/04\/ImPerfect-Pr\u00e4sentation-der-Projekte-ohne-nachname-768x432.png 768w, https:\/\/www.lkjbw.de\/blog\/wp-content\/uploads\/2022\/04\/ImPerfect-Pr\u00e4sentation-der-Projekte-ohne-nachname-250x141.png 250w, https:\/\/www.lkjbw.de\/blog\/wp-content\/uploads\/2022\/04\/ImPerfect-Pr\u00e4sentation-der-Projekte-ohne-nachname-300x169@2x.png 600w, https:\/\/www.lkjbw.de\/blog\/wp-content\/uploads\/2022\/04\/ImPerfect-Pr\u00e4sentation-der-Projekte-ohne-nachname-250x141@2x.png 500w\" sizes=\"(max-width: 960px) 100vw, 960px\" \/><\/figure>\n\n\n\n<p>Am zweiten Tag machten sich die Sch\u00fcler*innen an die Arbeit. Mit einer technischen Einf\u00fchrung waren die Teilnehmenden bereit, ihre Bilder mit der Kamera aufzunehmen und im Anschluss mit der Bildbearbeitungs-App Photophea zu bearbeiten. Gegenseitig fotografierten und inszenierten sich die Sch\u00fcler*innen und lie\u00dfen ihrer Kreativit\u00e4t freien Lauf. Manche nutzen sogar einen Greenscreen, um sich auf ihrem ImPerfect-Profil vor verschiedenste Hintergr\u00fcnden zeigen zu k\u00f6nnen. Etwa in einem Hexenh\u00e4uschen, als abstrakte Zeichnung oder im Weltall.<br>Die freie kreative Arbeit endete mit einer Pr\u00e4sentation der entstanden ImPerfect-Profile. Alle waren begeistert von den Ergebnissen und jedes der Profile ist eine interessante Selbstdarstellung geworden!<\/p>\n","protected":false},"excerpt":{"rendered":"<p>Zeig mal, wer du bist! Ende Februar nahm eine Gruppe des H\u00f6lderlin-Gymnasiums in Stuttgart an einem ImPerfect-Workshop teil und startete das Projekt einer kreativen Selbstdarstellung auf dem fiktiven ImPerfect-Profil. Der Tag starte auch gleich mit einer spannenden Vorstellungsrunde. Die Jugendlichen stellten sich der Gruppe aus zwei verschiedenen Perspektiven vor: Einmal aus der Perspektive einer deutlich&#8230; <a class=\"moretag\" href=\"https:\/\/www.lkjbw.de\/blog\/2022\/02\/hoelderlin-gymnasium-stuttgart\/\"> weiterlesen &raquo;<\/a><\/p>\n","protected":false},"author":17,"featured_media":6395,"comment_status":"closed","ping_status":"closed","sticky":false,"template":"","format":"standard","meta":[],"categories":[39],"tags":[],"_links":{"self":[{"href":"https:\/\/www.lkjbw.de\/blog\/wp-json\/wp\/v2\/posts\/6394"}],"collection":[{"href":"https:\/\/www.lkjbw.de\/blog\/wp-json\/wp\/v2\/posts"}],"about":[{"href":"https:\/\/www.lkjbw.de\/blog\/wp-json\/wp\/v2\/types\/post"}],"author":[{"embeddable":true,"href":"https:\/\/www.lkjbw.de\/blog\/wp-json\/wp\/v2\/users\/17"}],"replies":[{"embeddable":true,"href":"https:\/\/www.lkjbw.de\/blog\/wp-json\/wp\/v2\/comments?post=6394"}],"version-history":[{"count":3,"href":"https:\/\/www.lkjbw.de\/blog\/wp-json\/wp\/v2\/posts\/6394\/revisions"}],"predecessor-version":[{"id":7381,"href":"https:\/\/www.lkjbw.de\/blog\/wp-json\/wp\/v2\/posts\/6394\/revisions\/7381"}],"wp:featuredmedia":[{"embeddable":true,"href":"https:\/\/www.lkjbw.de\/blog\/wp-json\/wp\/v2\/media\/6395"}],"wp:attachment":[{"href":"https:\/\/www.lkjbw.de\/blog\/wp-json\/wp\/v2\/media?parent=6394"}],"wp:term":[{"taxonomy":"category","embeddable":true,"href":"https:\/\/www.lkjbw.de\/blog\/wp-json\/wp\/v2\/categories?post=6394"},{"taxonomy":"post_tag","embeddable":true,"href":"https:\/\/www.lkjbw.de\/blog\/wp-json\/wp\/v2\/tags?post=6394"}],"curies":[{"name":"wp","href":"https:\/\/api.w.org\/{rel}","templated":true}]}}