{"id":6403,"date":"2022-03-15T10:26:00","date_gmt":"2022-03-15T08:26:00","guid":{"rendered":"https:\/\/www.lkjbw.de\/blog\/?p=6403"},"modified":"2023-01-18T11:19:56","modified_gmt":"2023-01-18T09:19:56","slug":"friedrich-kammer-gemeinschaftsschule-ehningen","status":"publish","type":"post","link":"https:\/\/www.lkjbw.de\/blog\/2022\/03\/friedrich-kammer-gemeinschaftsschule-ehningen\/","title":{"rendered":"Friedrich-Kammer-Gemeinschaftsschule Ehningen"},"content":{"rendered":"\n<p>Mitte M\u00e4rz besuchten unsere Medienreferent*innen die Friedrich-Kammer-Gemeinschaftsschule in Ehningen f\u00fcr einen ImPerfect-Workshop. Die siebte Klasse der Schule nahm an dem Workshop teil und besch\u00e4ftigte sich zwei Tage lang mit Selbst- und Fremdwahrnehmung und stellte dies am Ende in einem fiktiven ImPerfect-Profil dar.<\/p>\n\n\n\n<p>Zu Beginn des ersten Tages lernten sich alle auf eine spannende Art und Weise kennen. Jede*r durfte sich aus zwei Perspektiven vorstellen: Einmal aus der Sicht eines \u00e4lteren Familienmitglieds und einmal aus der Sicht der besten Freund*innen. Schnell wurde klar, dass den Jugendlichen von verschiedenen Menschen auch unterschiedliche Eigenschaften zugeordnet wurden. Mit dieser Erkenntnis startete die Gruppe in die theoretische Vorarbeit f\u00fcr das Projekt. Sie sprachen \u00fcber Social Media und wie sie diese Plattformen in ihrem Alltag nutzten.<\/p>\n\n\n<div class=\"wp-block-image\">\n<figure class=\"alignleft size-medium\"><img loading=\"lazy\" width=\"300\" height=\"208\" src=\"https:\/\/www.lkjbw.de\/blog\/wp-content\/uploads\/2022\/04\/imp22-Ehningen-300x208.jpg\" alt=\"Ein Sch\u00fcler fotografiert einen grinsenden Mitsch\u00fcler vor einer leeren Wand\" class=\"wp-image-6404 colorbox-6403\" srcset=\"https:\/\/www.lkjbw.de\/blog\/wp-content\/uploads\/2022\/04\/imp22-Ehningen-300x208.jpg 300w, https:\/\/www.lkjbw.de\/blog\/wp-content\/uploads\/2022\/04\/imp22-Ehningen-1024x711.jpg 1024w, https:\/\/www.lkjbw.de\/blog\/wp-content\/uploads\/2022\/04\/imp22-Ehningen-768x533.jpg 768w, https:\/\/www.lkjbw.de\/blog\/wp-content\/uploads\/2022\/04\/imp22-Ehningen-1536x1067.jpg 1536w, https:\/\/www.lkjbw.de\/blog\/wp-content\/uploads\/2022\/04\/imp22-Ehningen-2048x1422.jpg 2048w, https:\/\/www.lkjbw.de\/blog\/wp-content\/uploads\/2022\/04\/imp22-Ehningen-300x208@2x.jpg 600w\" sizes=\"(max-width: 300px) 100vw, 300px\" \/><\/figure><\/div>\n\n\n<p>Danach stiegen die Sch\u00fcler*innen auch schon in die Praxisarbeit ein. F\u00fcr ihr fiktives ImPerfect-Profil ben\u00f6tigten die Teilnehmenden jeweils ein Profil- und Beitragsbild und einen selbstverfassten Beitragstext. In diesen drei Dingen sollten die Jugendlichen ihre Eigenschaften und Interessen kreativ darstellen. Die Teilnehmenden begannen also individuelle Profilbilder von sich zu knipsen und arbeiteten an einem Konzept f\u00fcr die Beitragsbilder und den Profiltext. Hier waren der Kreativit\u00e4t keine Grenzen gesetzt. Nach einer kurzen Einf\u00fchrung, wie ein Greenscreen funktioniert, probierten sich die Jugendlichen auch daran aus und lernten, wie sie sich selbst vor den unterschiedlichsten Hintergr\u00fcnden darstellen k\u00f6nnen.<\/p>\n\n\n\n<p>Am zweiten Tag fertigten die Sch\u00fcler*innen ihre Profilbilder, wobei sehr kreative Ergebnisse zustande kamen: Einige arbeiteten mit Gr\u00f6\u00dfenverh\u00e4ltnissen und schafften es so sich selbst auf die Gr\u00f6\u00dfe eines Tennisballs zu schrumpfen, andere zauberten sich an Orte, an denen sie schon immer sein wollten, wie beispielsweise auf eine magische Wiese.<\/p>\n\n\n\n<figure class=\"wp-block-image size-large\"><img loading=\"lazy\" width=\"1024\" height=\"745\" src=\"https:\/\/www.lkjbw.de\/blog\/wp-content\/uploads\/2022\/04\/ImP22-Ehningen-ImPerfect_App_Bastian-1024x745.png\" alt=\"in diesem Endergebnis hat sich der Jugendliche kleiner als eine Schraube bearbeitet und es scheint so als w\u00fcrde er diese festhalten\" class=\"wp-image-6405 colorbox-6403\" srcset=\"https:\/\/www.lkjbw.de\/blog\/wp-content\/uploads\/2022\/04\/ImP22-Ehningen-ImPerfect_App_Bastian-1024x745.png 1024w, https:\/\/www.lkjbw.de\/blog\/wp-content\/uploads\/2022\/04\/ImP22-Ehningen-ImPerfect_App_Bastian-300x218.png 300w, https:\/\/www.lkjbw.de\/blog\/wp-content\/uploads\/2022\/04\/ImP22-Ehningen-ImPerfect_App_Bastian-768x559.png 768w, https:\/\/www.lkjbw.de\/blog\/wp-content\/uploads\/2022\/04\/ImP22-Ehningen-ImPerfect_App_Bastian-1536x1117.png 1536w, https:\/\/www.lkjbw.de\/blog\/wp-content\/uploads\/2022\/04\/ImP22-Ehningen-ImPerfect_App_Bastian-241x175.png 241w, https:\/\/www.lkjbw.de\/blog\/wp-content\/uploads\/2022\/04\/ImP22-Ehningen-ImPerfect_App_Bastian.png 2000w, https:\/\/www.lkjbw.de\/blog\/wp-content\/uploads\/2022\/04\/ImP22-Ehningen-ImPerfect_App_Bastian-300x218@2x.png 600w, https:\/\/www.lkjbw.de\/blog\/wp-content\/uploads\/2022\/04\/ImP22-Ehningen-ImPerfect_App_Bastian-241x175@2x.png 482w\" sizes=\"(max-width: 1024px) 100vw, 1024px\" \/><\/figure>\n\n\n\n<p>Als Abschluss der zwei Workshop-Tage pr\u00e4sentierten sich alle gegenseitig ihre ImPerfect-Profile und staunten, was sie in so kurzer Zeit geschafft hatten.<\/p>\n","protected":false},"excerpt":{"rendered":"<p>Mitte M\u00e4rz besuchten unsere Medienreferent*innen die Friedrich-Kammer-Gemeinschaftsschule in Ehningen f\u00fcr einen ImPerfect-Workshop. Die siebte Klasse der Schule nahm an dem Workshop teil und besch\u00e4ftigte sich zwei Tage lang mit Selbst- und Fremdwahrnehmung und stellte dies am Ende in einem fiktiven ImPerfect-Profil dar. Zu Beginn des ersten Tages lernten sich alle auf eine spannende Art und&#8230; <a class=\"moretag\" href=\"https:\/\/www.lkjbw.de\/blog\/2022\/03\/friedrich-kammer-gemeinschaftsschule-ehningen\/\"> weiterlesen &raquo;<\/a><\/p>\n","protected":false},"author":17,"featured_media":6404,"comment_status":"closed","ping_status":"closed","sticky":false,"template":"","format":"standard","meta":[],"categories":[39],"tags":[],"_links":{"self":[{"href":"https:\/\/www.lkjbw.de\/blog\/wp-json\/wp\/v2\/posts\/6403"}],"collection":[{"href":"https:\/\/www.lkjbw.de\/blog\/wp-json\/wp\/v2\/posts"}],"about":[{"href":"https:\/\/www.lkjbw.de\/blog\/wp-json\/wp\/v2\/types\/post"}],"author":[{"embeddable":true,"href":"https:\/\/www.lkjbw.de\/blog\/wp-json\/wp\/v2\/users\/17"}],"replies":[{"embeddable":true,"href":"https:\/\/www.lkjbw.de\/blog\/wp-json\/wp\/v2\/comments?post=6403"}],"version-history":[{"count":3,"href":"https:\/\/www.lkjbw.de\/blog\/wp-json\/wp\/v2\/posts\/6403\/revisions"}],"predecessor-version":[{"id":7377,"href":"https:\/\/www.lkjbw.de\/blog\/wp-json\/wp\/v2\/posts\/6403\/revisions\/7377"}],"wp:featuredmedia":[{"embeddable":true,"href":"https:\/\/www.lkjbw.de\/blog\/wp-json\/wp\/v2\/media\/6404"}],"wp:attachment":[{"href":"https:\/\/www.lkjbw.de\/blog\/wp-json\/wp\/v2\/media?parent=6403"}],"wp:term":[{"taxonomy":"category","embeddable":true,"href":"https:\/\/www.lkjbw.de\/blog\/wp-json\/wp\/v2\/categories?post=6403"},{"taxonomy":"post_tag","embeddable":true,"href":"https:\/\/www.lkjbw.de\/blog\/wp-json\/wp\/v2\/tags?post=6403"}],"curies":[{"name":"wp","href":"https:\/\/api.w.org\/{rel}","templated":true}]}}