{"id":6425,"date":"2021-05-15T11:24:00","date_gmt":"2021-05-15T09:24:00","guid":{"rendered":"https:\/\/www.lkjbw.de\/blog\/?p=6425"},"modified":"2022-09-22T16:01:47","modified_gmt":"2022-09-22T14:01:47","slug":"images","status":"publish","type":"post","link":"https:\/\/www.lkjbw.de\/blog\/2021\/05\/images\/","title":{"rendered":"IMAGES"},"content":{"rendered":"\n<figure class=\"wp-block-image size-large\"><img loading=\"lazy\" width=\"1024\" height=\"373\" src=\"https:\/\/www.lkjbw.de\/blog\/wp-content\/uploads\/2022\/05\/images-2-1-1024x373.png\" alt=\"Screenshot aus Videokonferenz\" class=\"wp-image-6429 colorbox-6425\" srcset=\"https:\/\/www.lkjbw.de\/blog\/wp-content\/uploads\/2022\/05\/images-2-1-1024x373.png 1024w, https:\/\/www.lkjbw.de\/blog\/wp-content\/uploads\/2022\/05\/images-2-1-300x109.png 300w, https:\/\/www.lkjbw.de\/blog\/wp-content\/uploads\/2022\/05\/images-2-1-768x279.png 768w, https:\/\/www.lkjbw.de\/blog\/wp-content\/uploads\/2022\/05\/images-2-1-250x91.png 250w, https:\/\/www.lkjbw.de\/blog\/wp-content\/uploads\/2022\/05\/images-2-1.png 1487w, https:\/\/www.lkjbw.de\/blog\/wp-content\/uploads\/2022\/05\/images-2-1-300x109@2x.png 600w, https:\/\/www.lkjbw.de\/blog\/wp-content\/uploads\/2022\/05\/images-2-1-250x91@2x.png 500w\" sizes=\"(max-width: 1024px) 100vw, 1024px\" \/><\/figure>\n\n\n\n<p>Im Rahmen des internationalen Projekts IMAGES trafen sich 12 Jugendliche aus Baden-W\u00fcrttemberg und S\u00fcdafrika 2021 online. Gemeinsam wurde das Thema \u201eImages\u201c in zahlreichen Facetten bearbeitet.<br>In Diskussionen und Spielen ging es um Selbstbilder, Zuschreibungen, Stereotype, Individualismus, Gemeinschaft und Identit\u00e4t. Dazu gab es zwei Workshop-Tage mit einer professionellen Fotografin, die Grundlagen der Fotografie und Bildaufbau vermittelte.<\/p>\n\n\n\n<p>Wie funktioniert es einen internationalen Austausch online stattfinden zu lassen?<\/p>\n\n\n\n<p>Im Projekt Images haben die Teilnehmenden Raum zur Selbstdarstellung geboten bekommen und daraus eine emotionale Gruppenerfahrung gemacht. Sie teilten intime Momente untereinander und gestalteten durch ihre Pers\u00f6nlichkeit das Projekt mit.<br>Anfang Mai 2021 fand unsere erste digitale interkulturelle Jugendbegegnung statt, die wir gemeinsam mit E3 in S\u00fcdafrika durchf\u00fchrten.<\/p>\n\n\n\n<p>Sechs Jugendliche aus Baden-W\u00fcrttemberg und sechs Jugendliche aus S\u00fcdafrika zwischen 14 und 19 Jahren konnten in dieser speziellen, isolierten Zeit neue Menschen kennenlernen, \u00fcber den Tellerrand schauen und die eigene Comfortzone verlassen. An insgesamt vier Tagen wurde gezoomt, gesprochen, gegoogelt, fotografiert, gespielt, gemeinsam gelacht, getanzt und auch geweint. Unter dem Titel IMAGES ging es also um Fotografie, Bildaufbau und -bearbeitung, K\u00f6rpersprache und Posing, aber auch um Pers\u00f6nlichkeitsentwicklung, Vorurteile, Privilegien, Selbstwert, Gemeinschaft und Empowerment.<\/p>\n\n\n<div class=\"wp-block-image\">\n<figure class=\"alignright size-medium\"><img loading=\"lazy\" width=\"300\" height=\"225\" src=\"https:\/\/www.lkjbw.de\/blog\/wp-content\/uploads\/2022\/09\/IMAGES-02-300x225.png\" alt=\"Logo Images\" class=\"wp-image-6992 colorbox-6425\" srcset=\"https:\/\/www.lkjbw.de\/blog\/wp-content\/uploads\/2022\/09\/IMAGES-02-300x225.png 300w, https:\/\/www.lkjbw.de\/blog\/wp-content\/uploads\/2022\/09\/IMAGES-02-1024x768.png 1024w, https:\/\/www.lkjbw.de\/blog\/wp-content\/uploads\/2022\/09\/IMAGES-02-1536x1152.png 1536w, https:\/\/www.lkjbw.de\/blog\/wp-content\/uploads\/2022\/09\/IMAGES-02-2048x1536.png 2048w, https:\/\/www.lkjbw.de\/blog\/wp-content\/uploads\/2022\/09\/IMAGES-02-233x175.png 233w, https:\/\/www.lkjbw.de\/blog\/wp-content\/uploads\/2022\/09\/IMAGES-02-300x225@2x.png 600w\" sizes=\"(max-width: 300px) 100vw, 300px\" \/><\/figure><\/div>\n\n\n<p>Anhand des k\u00fcnstlerischen Mediums &#8222;Fotografie&#8220; wurden durch Recherchen und Collagen zun\u00e4chst die Lebenswelten der Teilnehmenden dargestellt und ein Kennenlernen untereinander angeleitet.<\/p>\n\n\n\n<p>In Breakoutr\u00e4umen und gemeinsamen Reflexionsrunden ging es dann um Stereotype und Vorurteile, aber auch um Selbstwahrnehmung und Empowerment. Durch kleine Tanzeinheiten, Energizer und One-Minute-Tasks konnte die Motivation und Begeisterung immer hoch gehalten werden und auch die Workshops zu K\u00f6rpersprache oder Bildbearbeitung machten die internationale Begegnung zu einer unvergesslichen Erfahrung.<\/p>\n\n\n\n<p>Das kollektive Erlebnis der Isolation der vorangegangenen Monate schien die Offenheit der Teilnehmenden und deren Bed\u00fcrfnis nach Austausch verst\u00e4rkt zu haben &#8211; IMAGES konnte diese Situation sehr gut auffangen und erg\u00e4nzen.<\/p>\n\n\n\n<p>IMAGES wurde gef\u00f6rdert aus Mitteln des Programms Internationale Jugendarbeit des Kinder- und Jugendplans des Bundes.<\/p>\n\n\n<div class=\"wp-block-image\">\n<figure class=\"alignright size-large\"><img loading=\"lazy\" width=\"1024\" height=\"534\" src=\"https:\/\/www.lkjbw.de\/blog\/wp-content\/uploads\/2022\/05\/images-1024x534.png\" alt=\"Screenshot aus der Videokonferenz\" class=\"wp-image-6426 colorbox-6425\" srcset=\"https:\/\/www.lkjbw.de\/blog\/wp-content\/uploads\/2022\/05\/images-1024x534.png 1024w, https:\/\/www.lkjbw.de\/blog\/wp-content\/uploads\/2022\/05\/images-300x156.png 300w, https:\/\/www.lkjbw.de\/blog\/wp-content\/uploads\/2022\/05\/images-768x400.png 768w, https:\/\/www.lkjbw.de\/blog\/wp-content\/uploads\/2022\/05\/images-250x130.png 250w, https:\/\/www.lkjbw.de\/blog\/wp-content\/uploads\/2022\/05\/images.png 1401w, https:\/\/www.lkjbw.de\/blog\/wp-content\/uploads\/2022\/05\/images-300x156@2x.png 600w, https:\/\/www.lkjbw.de\/blog\/wp-content\/uploads\/2022\/05\/images-250x130@2x.png 500w\" sizes=\"(max-width: 1024px) 100vw, 1024px\" \/><\/figure><\/div>\n\n\n<p><\/p>\n\n\n\n<p>As part of the international project IMAGES, 12 teenagers from Baden-W\u00fcrttemberg and South Africa met online in 2021. Together, they worked out numerous facets of the topic \u201eimages\u201c. In discussions and games they talked about self-perceptions, attributions, stereotypes, individuality, community and identity. In addition, the participants had two workshop days with a professional photographer who taught them the basics of photography and image composition.<\/p>\n\n\n\n<p>How does it work for an exchange program to take place online?<\/p>\n\n\n\n<p>At the project \u201eImages\u201c, the participants had room for self-portrayal and made an emotional group experience. They shared intimate moments together and shaped the Project with their personality. At the beginning of May 2021, our first digital intercultural youth exchange took place, which we ran together with E3 in South Africa.<\/p>\n\n\n\n<p>Six teenagers from Baden-W\u00fcrttemberg and six from South Africa between the age of 14 and 19 had the opportunity to get to know new people, broaden their horizon and leave their comfort zone in this special, isolated time. Four days in total were filled with zooming, talking, googling, photographing, playing, laughing together, dancing and also crying. The program with the title \u201eImages\u201c was about photography, image composition and -editing, body language and posing but also self-development, preconceptions, privileges, self-worth, community and empowerment.<\/p>\n\n\n\n<p>On the basis of the artistic media \u201ephotography\u201c, the environments of the participants were represented through research and collages as well as the process of getting to know each other was guided by it.<\/p>\n\n\n\n<p>In break-out-rooms and reflection rounds all together, they talked about stereotypes and preconceptions, but as well about self-awareness and empowerment. Through small dance sessions, energizers and one-minute-tasks, the motivation and excitement always maintained a high level. The workshops about body-language and image-composition also made the international exchange an unforgettable experience.<\/p>\n","protected":false},"excerpt":{"rendered":"<p>Im Rahmen des internationalen Projekts IMAGES trafen sich 12 Jugendliche aus Baden-W\u00fcrttemberg und S\u00fcdafrika 2021 online. Gemeinsam wurde das Thema \u201eImages\u201c in zahlreichen Facetten bearbeitet.In Diskussionen und Spielen ging es um Selbstbilder, Zuschreibungen, Stereotype, Individualismus, Gemeinschaft und Identit\u00e4t. Dazu gab es zwei Workshop-Tage mit einer professionellen Fotografin, die Grundlagen der Fotografie und Bildaufbau vermittelte. Wie&#8230; <a class=\"moretag\" href=\"https:\/\/www.lkjbw.de\/blog\/2021\/05\/images\/\"> weiterlesen &raquo;<\/a><\/p>\n","protected":false},"author":16,"featured_media":6429,"comment_status":"closed","ping_status":"closed","sticky":false,"template":"","format":"standard","meta":[],"categories":[41],"tags":[],"_links":{"self":[{"href":"https:\/\/www.lkjbw.de\/blog\/wp-json\/wp\/v2\/posts\/6425"}],"collection":[{"href":"https:\/\/www.lkjbw.de\/blog\/wp-json\/wp\/v2\/posts"}],"about":[{"href":"https:\/\/www.lkjbw.de\/blog\/wp-json\/wp\/v2\/types\/post"}],"author":[{"embeddable":true,"href":"https:\/\/www.lkjbw.de\/blog\/wp-json\/wp\/v2\/users\/16"}],"replies":[{"embeddable":true,"href":"https:\/\/www.lkjbw.de\/blog\/wp-json\/wp\/v2\/comments?post=6425"}],"version-history":[{"count":5,"href":"https:\/\/www.lkjbw.de\/blog\/wp-json\/wp\/v2\/posts\/6425\/revisions"}],"predecessor-version":[{"id":6993,"href":"https:\/\/www.lkjbw.de\/blog\/wp-json\/wp\/v2\/posts\/6425\/revisions\/6993"}],"wp:featuredmedia":[{"embeddable":true,"href":"https:\/\/www.lkjbw.de\/blog\/wp-json\/wp\/v2\/media\/6429"}],"wp:attachment":[{"href":"https:\/\/www.lkjbw.de\/blog\/wp-json\/wp\/v2\/media?parent=6425"}],"wp:term":[{"taxonomy":"category","embeddable":true,"href":"https:\/\/www.lkjbw.de\/blog\/wp-json\/wp\/v2\/categories?post=6425"},{"taxonomy":"post_tag","embeddable":true,"href":"https:\/\/www.lkjbw.de\/blog\/wp-json\/wp\/v2\/tags?post=6425"}],"curies":[{"name":"wp","href":"https:\/\/api.w.org\/{rel}","templated":true}]}}