{"id":6642,"date":"2022-05-26T15:43:00","date_gmt":"2022-05-26T13:43:00","guid":{"rendered":"https:\/\/www.lkjbw.de\/blog\/?p=6642"},"modified":"2023-01-11T15:10:46","modified_gmt":"2023-01-11T13:10:46","slug":"ernst-reuter-gesamtschule-in-karlsruhe","status":"publish","type":"post","link":"https:\/\/www.lkjbw.de\/blog\/2022\/05\/ernst-reuter-gesamtschule-in-karlsruhe\/","title":{"rendered":"Ernst-Reuter-Gesamtschule in Karlsruhe"},"content":{"rendered":"\n<p>Sch\u00fclerzeitung goes Radio. Ende Mai nahm die Sch\u00fclerzeitungs-AG der Ernst-Reuter-Gesamtschule in Karlsruhe an dem Workshop \u201eRadio im Klassenzimmer\u201c teil. Zwei Tage lang besuchten Medienreferenten die Projektklasse und besch\u00e4ftigte sich mit dem Thema Radio.<\/p>\n\n\n<div class=\"wp-block-image\">\n<figure class=\"alignright size-medium\"><img loading=\"lazy\" width=\"300\" height=\"225\" src=\"https:\/\/www.lkjbw.de\/blog\/wp-content\/uploads\/2022\/07\/RiK2022-Karlsruhe-1-300x225.jpg\" alt=\"drei Jugendliche sitzen an einem Tisch voller Technik. Ein Laptop, viele Kopfh\u00f6rer, ein Aufnahmeger\u00e4t und um sie herum ganz viele Kabel. \" class=\"wp-image-6643 colorbox-6642\" srcset=\"https:\/\/www.lkjbw.de\/blog\/wp-content\/uploads\/2022\/07\/RiK2022-Karlsruhe-1-300x225.jpg 300w, https:\/\/www.lkjbw.de\/blog\/wp-content\/uploads\/2022\/07\/RiK2022-Karlsruhe-1-768x576.jpg 768w, https:\/\/www.lkjbw.de\/blog\/wp-content\/uploads\/2022\/07\/RiK2022-Karlsruhe-1-233x175.jpg 233w, https:\/\/www.lkjbw.de\/blog\/wp-content\/uploads\/2022\/07\/RiK2022-Karlsruhe-1.jpg 800w, https:\/\/www.lkjbw.de\/blog\/wp-content\/uploads\/2022\/07\/RiK2022-Karlsruhe-1-300x225@2x.jpg 600w, https:\/\/www.lkjbw.de\/blog\/wp-content\/uploads\/2022\/07\/RiK2022-Karlsruhe-1-233x175@2x.jpg 466w\" sizes=\"(max-width: 300px) 100vw, 300px\" \/><\/figure><\/div>\n\n\n<p>Der erste Tag begann mit einer Kennenlernrunde. Dabei tauschte sich die Gruppe dar\u00fcber aus, welche verschiedenen Radioformen es gibt und die M\u00f6glichkeiten, die das auditive Medium gegen\u00fcber den Printmedien mit sich bringt. Die Sch\u00fcler*innen sammelten Themen \u00fcber die sie gerne einen Radiobeitrag produzieren wollten und begannen mit der Recherche.<\/p>\n\n\n\n<p>Danach ging es auch schon ans Erstellen der Beitr\u00e4ge. Die Jugendlichen lernten praktische Tipps f\u00fcr das F\u00fchren von Interviews und setzten diese gleich um. Mit professionellen Aufnahmeger\u00e4ten nahmen sie erste O-T\u00f6ne und Moderationen auf. Der erste Tag neigte sich langsam dem Ende zu und f\u00fcr den n\u00e4chsten Tag war viel geplant.<\/p>\n\n\n\n<p>Am Morgen \u00fcbten die Gruppen ihre geschriebenen Texte ein und nahmen die restlichen Teile der Beitr\u00e4ge auf. Von Krafttraining bis zur Geschichte des D\u00f6ners deckte die Projektklasse der Sch\u00fclerzeitung alles ab. Nachdem die Sch\u00fcler*innen die einzelnen Teile zusammenschnitten und ihren Projekten den letzten Feinschliff verpassten, waren die Radio Beitr\u00e4ge auch schon fertig.<\/p>\n\n\n\n<p>Die Klasse kann stolz auf sich sein, es sind tolle Beitr\u00e4ge mit interessanten Themen entstanden.<\/p>\n\n\n\n<h3>1. Krafttraining&nbsp;<\/h3>\n\n\n\n<p>In den letzten Jahren hat auch bei Jungen bzw. m\u00e4nnlichen Jugendlichen die Bedeutung \u00e4u\u00dferlicher \/ k\u00f6rperlicher Merkmale zugenommen. In der Folge trainieren viele Jugendliche ganz gezielt in Studios und zuhause. Und nicht nur das: Viele von ihnen helfen mit Pr\u00e4paraten nach, die beim Aufbau von Muskeln und Volumen wirken sollen. Doch wo liegt eigentlich die Grenze zwischen gesundem Krafttraining und ungesunder \u00dcbertreibung. Die Gruppe hat einen Sportlehrer der Schule und einen Fitnesstrainer befragt und auch mit zwei m\u00e4nnlichen Jugendlichen gesprochen.<\/p>\n\n\n\n<figure class=\"wp-block-audio\"><audio controls src=\"https:\/\/www.lkjbw.de\/blog\/wp-content\/uploads\/2022\/07\/Beitrag_Muskelaufbau_fertig.mp3\"><\/audio><\/figure>\n\n\n\n<h3>2. Armbanduhr<\/h3>\n\n\n\n<p>Wer braucht denn heute noch eine Armbanduhr? Wer wissen will, wie sp\u00e4t es ist, braucht doch nur das Smartphone zu z\u00fccken und auf das Display zu blicken. Stirbt die Armbanduhr aus oder bleibt sie uns als Schmuckst\u00fcck und Accessoire erhalten? Im Beitrag kommen Menschen von der Stra\u00dfe zu Wort, au\u00dferdem Mitarbeiter*innen aus dem Schmuck- und Uhrenhandel.<\/p>\n\n\n\n<figure class=\"wp-block-audio\"><audio controls src=\"https:\/\/www.lkjbw.de\/blog\/wp-content\/uploads\/2022\/07\/Beitrag-Armbanduhr-fertig.mp3\"><\/audio><\/figure>\n\n\n\n<h3>3. 50 Jahre D\u00f6ner<\/h3>\n\n\n\n<p>50 Jahre ist es her, seit in Deutschland der erste D\u00f6ner \u00fcber die Theke ging. Seither hat der Snack einen beispiellosen Siegeszug angetreten. Die Beliebtheit des D\u00f6ners steht au\u00dfer Frage, aber da h\u00f6rt die Einigkeit auch schon auf. Denn wie der <em>perfekte<\/em> D\u00f6ner auszusehen hat, dar\u00fcber gehen die Meinungen weit auseinander. Die Gruppe hat mit dem Besitzer eines D\u00f6ner-Imbiss dar\u00fcber gesprochen und ihn nach seiner Meinung und seinen Erfahrungen befragt.<\/p>\n\n\n\n<figure class=\"wp-block-audio\"><audio controls src=\"https:\/\/www.lkjbw.de\/blog\/wp-content\/uploads\/2022\/07\/50-Jahre-D\u00f6ner.mp3\"><\/audio><\/figure>\n\n\n\n<h3>4. Fast Fashion<\/h3>\n\n\n\n<p>Ex und hopp \u2013 nach diesem Motto scheinen viele Kleidungsketten ihre Produkte zu verkaufen und zu bewerben. \u201eViel Fashion f\u00fcr wenig Geld.\u201c Was das aber im Normalfall bedeutet, hat mit Nachhaltigkeit absolut nichts zu tun. Aber sind sich die Kundinnen und Kunden dar\u00fcber bewusst, was diese Produktions- und Wirtschaftsweise bedeutet und anrichtet? Mehr noch: Ist diese Frage manchmal sogar ein Kriterium beim Kleidungskauf? Die Gruppe ist dieser Frage nachgegangen.<\/p>\n\n\n\n<figure class=\"wp-block-audio\"><audio controls src=\"https:\/\/www.lkjbw.de\/blog\/wp-content\/uploads\/2022\/07\/Beitrag_Fastfashion_fertig.mp3\"><\/audio><\/figure>\n\n\n\n<h3>5. Over the Rainbow<\/h3>\n\n\n\n<p>Hinter diesem Titel verbirgt sich nicht nur ein weltweit bekannter Song \u2013 in diesem Jahr war dies auch das Motto einer Veranstaltung, die in Kooperation zwischen dem Jugendzentrum Karlsruhe und der Ernst-Reuter-Gesamtschule organisiert wurde. Mit viel Begeisterung und vor gro\u00dfem Publikum fand die Auff\u00fchrung am 24. Mai statt, es kamen nicht nur viele Jugendliche, sondern auch viele andere Interessierte und auch einige Lokalpolitiker*innen. Der Beitrag f\u00e4ngt die Atmosph\u00e4re von <em>Over the Rainbow<\/em> ein und erz\u00e4hlt von den Hintergr\u00fcnden.<\/p>\n\n\n\n<figure class=\"wp-block-audio\"><audio controls src=\"https:\/\/www.lkjbw.de\/blog\/wp-content\/uploads\/2022\/07\/Beitrag-over-the-rainbow-fertig.mp3\"><\/audio><\/figure>\n\n\n\n<p><\/p>\n","protected":false},"excerpt":{"rendered":"<p>Sch\u00fclerzeitung goes Radio. Ende Mai nahm die Sch\u00fclerzeitungs-AG der Ernst-Reuter-Gesamtschule in Karlsruhe an dem Workshop \u201eRadio im Klassenzimmer\u201c teil. Zwei Tage lang besuchten Medienreferenten die Projektklasse und besch\u00e4ftigte sich mit dem Thema Radio. Der erste Tag begann mit einer Kennenlernrunde. Dabei tauschte sich die Gruppe dar\u00fcber aus, welche verschiedenen Radioformen es gibt und die M\u00f6glichkeiten,&#8230; <a class=\"moretag\" href=\"https:\/\/www.lkjbw.de\/blog\/2022\/05\/ernst-reuter-gesamtschule-in-karlsruhe\/\"> weiterlesen &raquo;<\/a><\/p>\n","protected":false},"author":17,"featured_media":6643,"comment_status":"closed","ping_status":"closed","sticky":false,"template":"","format":"standard","meta":[],"categories":[1],"tags":[],"_links":{"self":[{"href":"https:\/\/www.lkjbw.de\/blog\/wp-json\/wp\/v2\/posts\/6642"}],"collection":[{"href":"https:\/\/www.lkjbw.de\/blog\/wp-json\/wp\/v2\/posts"}],"about":[{"href":"https:\/\/www.lkjbw.de\/blog\/wp-json\/wp\/v2\/types\/post"}],"author":[{"embeddable":true,"href":"https:\/\/www.lkjbw.de\/blog\/wp-json\/wp\/v2\/users\/17"}],"replies":[{"embeddable":true,"href":"https:\/\/www.lkjbw.de\/blog\/wp-json\/wp\/v2\/comments?post=6642"}],"version-history":[{"count":6,"href":"https:\/\/www.lkjbw.de\/blog\/wp-json\/wp\/v2\/posts\/6642\/revisions"}],"predecessor-version":[{"id":7227,"href":"https:\/\/www.lkjbw.de\/blog\/wp-json\/wp\/v2\/posts\/6642\/revisions\/7227"}],"wp:featuredmedia":[{"embeddable":true,"href":"https:\/\/www.lkjbw.de\/blog\/wp-json\/wp\/v2\/media\/6643"}],"wp:attachment":[{"href":"https:\/\/www.lkjbw.de\/blog\/wp-json\/wp\/v2\/media?parent=6642"}],"wp:term":[{"taxonomy":"category","embeddable":true,"href":"https:\/\/www.lkjbw.de\/blog\/wp-json\/wp\/v2\/categories?post=6642"},{"taxonomy":"post_tag","embeddable":true,"href":"https:\/\/www.lkjbw.de\/blog\/wp-json\/wp\/v2\/tags?post=6642"}],"curies":[{"name":"wp","href":"https:\/\/api.w.org\/{rel}","templated":true}]}}