{"id":7053,"date":"2022-07-28T16:41:00","date_gmt":"2022-07-28T14:41:00","guid":{"rendered":"https:\/\/www.lkjbw.de\/blog\/?p=7053"},"modified":"2023-01-11T15:01:34","modified_gmt":"2023-01-11T13:01:34","slug":"lindenschule-in-ostfildern","status":"publish","type":"post","link":"https:\/\/www.lkjbw.de\/blog\/2022\/07\/lindenschule-in-ostfildern\/","title":{"rendered":"Lindenschule in Ostfildern"},"content":{"rendered":"\n<p>Ende Juni fand an der Lindenschule Ostfildern, einem SBBZ mit F\u00f6rderschwerpunkt Lernen, das mehrt\u00e4gige Medienprojekt \u201eRadio im Klassenzimmer\u201c statt. Die 15 Sch\u00fcler*innen der sechsten und siebten Klasse haben eingeschr\u00e4nkte Lernf\u00e4higkeiten und deshalb erh\u00f6hten F\u00f6rderungsbedarf. Ber\u00fchrungspunkte mit dem Radio haben sie w\u00f6chentlich, denn die Klasse h\u00f6rt jeden Montag gemeinsam die WDR-Kindernachrichten an und erarbeitet Fragen zu den dort gebotenen Informationen. Diese Erfahrung ist sehr wertvoll f\u00fcr das Medienprojekt und die Teilnehmenden. Dar\u00fcber hinaus hatten sich die Sch\u00fcler*innen im Vorfeld des Workshops einige Themen ausgesucht, \u00fcber die sie Beitr\u00e4ge machen <\/p>\n\n\n\n<p>wollten. Die Themen haben im Wesentlichen mit der Schule zu tun bzw. lie\u00dfen sich sehr gut an der Schule umsetzen, weil dort alle Gespr\u00e4chspartner*innen zur Verf\u00fcgung standen. <\/p>\n\n\n<div class=\"wp-block-image\">\n<figure class=\"alignright size-medium\"><img loading=\"lazy\" width=\"300\" height=\"207\" src=\"https:\/\/www.lkjbw.de\/blog\/wp-content\/uploads\/2022\/10\/IMAG1050-web-300x207.jpg\" alt=\"Vier Teilnehmende sitzen im Klassenzimmer. Zwei von iren arbiteen am Laptop, Ein weiterer interviewt mit kopfh\u00f6rern und Aufnahmeger\u00e4t ausgestattet die Person in der Mitte.\" class=\"wp-image-7059 colorbox-7053\" srcset=\"https:\/\/www.lkjbw.de\/blog\/wp-content\/uploads\/2022\/10\/IMAG1050-web-300x207.jpg 300w, https:\/\/www.lkjbw.de\/blog\/wp-content\/uploads\/2022\/10\/IMAG1050-web-250x173.jpg 250w, https:\/\/www.lkjbw.de\/blog\/wp-content\/uploads\/2022\/10\/IMAG1050-web.jpg 746w, https:\/\/www.lkjbw.de\/blog\/wp-content\/uploads\/2022\/10\/IMAG1050-web-300x207@2x.jpg 600w\" sizes=\"(max-width: 300px) 100vw, 300px\" \/><\/figure><\/div>\n\n\n<h3>1. Umgang mit unserem Trinkwasser<\/h3>\n\n\n\n<p>Ausgangspunkt f\u00fcr dieses Thema: Die SuS hatten im Unterricht einen Film gesehen, der sich mit dem Mangel an Trinkwasser in einem indischen Dorf besch\u00e4ftigte. Davon waren sie wohl so beeindruckt, dass sie Trinkwasser als den gr\u00f6\u00dften indischen Schatz bezeichneten. Welche Konsequenzen hat diese Tatsache von Wassermangel in anderen Weltgegenden m\u00f6glicherweise auch f\u00fcr uns? Das war einer der Leitfragen, die sich die Sch\u00fcler und auch ihren Umfragepartner*innen stellten. Eingangs des Beitrags gibt es eine kleine Umfrage zum gr\u00f6\u00dften Schatz Indiens. Dann switchten die Autoren um zu der Problematik des Wassersparens auch bei uns. Und sie interessierten sich auch daf\u00fcr, wieviel Wasser eigentlich an ihrer Schule verbraucht wird und vielleicht auch eingespart werden kann.<\/p>\n\n\n\n<figure class=\"wp-block-audio\"><audio controls src=\"https:\/\/www.lkjbw.de\/blog\/wp-content\/uploads\/2022\/10\/Wasser.mp3\"><\/audio><\/figure>\n\n\n\n<h3> 2. Sozialprojekt<\/h3>\n\n\n\n<p>Zwei Sch\u00fcler haben sich daf\u00fcr entschieden, ein Sozialprojekt durchzuf\u00fchren. Es besteht im Wesentlichen darin, dass sie Muffins und Kuchen backen, dies dann auch an der Schule verkaufen und den Erl\u00f6s an SOS Kinderdorf (f\u00fcr Kinder in Bosnien und Bulgarien) und Unicef (f\u00fcr pal\u00e4stinensische Kinder) spenden. In ihrem Beitrag berichten die Autoren, wie sie auf diese Idee gekommen sind und was es&nbsp; mit diesem Sozialprojekt auf sich hat, f\u00fcr das es n\u00e4mlich auch einen Sozialpreis geben wird. Dazu sprachen die Sch\u00fcler mit ihrer Lehrerin und Mitsch\u00fclern.<\/p>\n\n\n\n<figure class=\"wp-block-audio\"><audio controls src=\"https:\/\/www.lkjbw.de\/blog\/wp-content\/uploads\/2022\/10\/Sozialprojekt.mp3\"><\/audio><\/figure>\n\n\n\n<h3>3. H\u00fchnerhof<\/h3>\n\n\n\n<p>Die Schule h\u00e4lt sich ihre eigenen H\u00fchner. Dar\u00fcber wollte eine Autorengruppe berichten. Dazu sprachen die Autoren mit&nbsp; verantwortlichen Sch\u00fclern und deren Lehrerin. So erfahren wir aus dem Beitrag, wie man auf den H\u00fchnerhof kam, welchen Betreuungsaufwand und welche Vorteile er bedeutet. Daraus wurde ein netter Beitrag mit Gegacker.<\/p>\n\n\n\n<figure class=\"wp-block-audio\"><audio controls src=\"https:\/\/www.lkjbw.de\/blog\/wp-content\/uploads\/2022\/10\/Huehner.mp3\"><\/audio><\/figure>\n\n\n\n<h3>4.Neues aus der Lindenschule<\/h3>\n\n\n\n<p>Urspr\u00fcnglich wollte eine Gruppe Weltnachrichten machen mit Informationen zur Ukraine und anderen aktuellen Ereignissen. Da zum sp\u00e4ter liegenden Sendetermin solche Nachrichten schon l\u00e4ngst nicht mehr aktuelle sein w\u00fcrden, \u00fcberredeten wir die Gruppe, stattdessen Nachrichten aus ihrer eigenen Schule zu produzieren. Das leuchtete den Jungs ein. Die Idee wurde dann schnell geboren, dass man nicht nur trockene Nachrichten vorlesen, sondern diese auch mit O-T\u00f6nen garnieren wollte. Klassische Nachrichten sind es dann auch nicht geworden, sondern mehr ein kurzes Magazinst\u00fcck zu \u201eNeues aus unserer Schule\u201c<\/p>\n\n\n\n<figure class=\"wp-block-audio\"><audio controls src=\"https:\/\/www.lkjbw.de\/blog\/wp-content\/uploads\/2022\/10\/Schulnachrichten.mp3\"><\/audio><\/figure>\n\n\n\n<h3>5. K-Pop<\/h3>\n\n\n\n<p>Drei M\u00e4dchen in der Klasse sind vom K-Pop-Virus infiziert. Klar, dass dar\u00fcber ein Beitrag gemacht werden musste. Wie aber erkl\u00e4rt man anderen K-Pop, wenn man nicht so ohne Weiteres Musikbeispiele vorspielen darf und m\u00f6glicherweise unter den Zuh\u00f6rer*innen auch welche sind, die so \u00fcberhaupt keine Ahnung von dieser Musikrichtung haben. Die M\u00e4dchen schrieben dazu ein fiktives Gespr\u00e4ch \u00fcber K-Pop, das Unbedarfte nicht unbedingt sofort schlauer, aber deutlich diesen Fanenthusiasmus der K-Pop-\u00dcberzeugten h\u00f6rbar macht. H\u00f6rt man gerne an!<\/p>\n\n\n\n<figure class=\"wp-block-audio\"><audio controls src=\"https:\/\/www.lkjbw.de\/blog\/wp-content\/uploads\/2022\/10\/K-Pop.mp3\"><\/audio><\/figure>\n","protected":false},"excerpt":{"rendered":"<p>Ende Juni fand an der Lindenschule Ostfildern, einem SBBZ mit F\u00f6rderschwerpunkt Lernen, das mehrt\u00e4gige Medienprojekt \u201eRadio im Klassenzimmer\u201c statt. Die 15 Sch\u00fcler*innen der sechsten und siebten Klasse haben eingeschr\u00e4nkte Lernf\u00e4higkeiten und deshalb erh\u00f6hten F\u00f6rderungsbedarf. Ber\u00fchrungspunkte mit dem Radio haben sie w\u00f6chentlich, denn die Klasse h\u00f6rt jeden Montag gemeinsam die WDR-Kindernachrichten an und erarbeitet Fragen zu&#8230; <a class=\"moretag\" href=\"https:\/\/www.lkjbw.de\/blog\/2022\/07\/lindenschule-in-ostfildern\/\"> weiterlesen &raquo;<\/a><\/p>\n","protected":false},"author":16,"featured_media":7059,"comment_status":"closed","ping_status":"closed","sticky":false,"template":"","format":"standard","meta":[],"categories":[1],"tags":[],"_links":{"self":[{"href":"https:\/\/www.lkjbw.de\/blog\/wp-json\/wp\/v2\/posts\/7053"}],"collection":[{"href":"https:\/\/www.lkjbw.de\/blog\/wp-json\/wp\/v2\/posts"}],"about":[{"href":"https:\/\/www.lkjbw.de\/blog\/wp-json\/wp\/v2\/types\/post"}],"author":[{"embeddable":true,"href":"https:\/\/www.lkjbw.de\/blog\/wp-json\/wp\/v2\/users\/16"}],"replies":[{"embeddable":true,"href":"https:\/\/www.lkjbw.de\/blog\/wp-json\/wp\/v2\/comments?post=7053"}],"version-history":[{"count":3,"href":"https:\/\/www.lkjbw.de\/blog\/wp-json\/wp\/v2\/posts\/7053\/revisions"}],"predecessor-version":[{"id":7222,"href":"https:\/\/www.lkjbw.de\/blog\/wp-json\/wp\/v2\/posts\/7053\/revisions\/7222"}],"wp:featuredmedia":[{"embeddable":true,"href":"https:\/\/www.lkjbw.de\/blog\/wp-json\/wp\/v2\/media\/7059"}],"wp:attachment":[{"href":"https:\/\/www.lkjbw.de\/blog\/wp-json\/wp\/v2\/media?parent=7053"}],"wp:term":[{"taxonomy":"category","embeddable":true,"href":"https:\/\/www.lkjbw.de\/blog\/wp-json\/wp\/v2\/categories?post=7053"},{"taxonomy":"post_tag","embeddable":true,"href":"https:\/\/www.lkjbw.de\/blog\/wp-json\/wp\/v2\/tags?post=7053"}],"curies":[{"name":"wp","href":"https:\/\/api.w.org\/{rel}","templated":true}]}}