{"id":7198,"date":"2022-11-30T15:02:00","date_gmt":"2022-11-30T13:02:00","guid":{"rendered":"https:\/\/www.lkjbw.de\/blog\/?p=7198"},"modified":"2023-02-17T15:03:17","modified_gmt":"2023-02-17T13:03:17","slug":"eichbottschule-leingarten-3","status":"publish","type":"post","link":"https:\/\/www.lkjbw.de\/blog\/2022\/11\/eichbottschule-leingarten-3\/","title":{"rendered":"Eichbottschule Leingarten"},"content":{"rendered":"<div class=\"wp-block-image\">\n<figure class=\"alignleft size-medium\"><img loading=\"lazy\" width=\"300\" height=\"218\" src=\"https:\/\/www.lkjbw.de\/blog\/wp-content\/uploads\/2022\/12\/Amelie-300x218.jpg\" alt=\"Ein Projektergebnis von Imperfect, zu sehen ist ein M\u00e4dchen mit Hunden und im Hintergrund der Vollmond.\" class=\"wp-image-7199 colorbox-7198\" srcset=\"https:\/\/www.lkjbw.de\/blog\/wp-content\/uploads\/2022\/12\/Amelie-300x218.jpg 300w, https:\/\/www.lkjbw.de\/blog\/wp-content\/uploads\/2022\/12\/Amelie-1024x745.jpg 1024w, https:\/\/www.lkjbw.de\/blog\/wp-content\/uploads\/2022\/12\/Amelie-1536x1117.jpg 1536w, https:\/\/www.lkjbw.de\/blog\/wp-content\/uploads\/2022\/12\/Amelie-241x175.jpg 241w, https:\/\/www.lkjbw.de\/blog\/wp-content\/uploads\/2022\/12\/Amelie.jpg 2000w, https:\/\/www.lkjbw.de\/blog\/wp-content\/uploads\/2022\/12\/Amelie-300x218@2x.jpg 600w\" sizes=\"(max-width: 300px) 100vw, 300px\" \/><\/figure><\/div>\n\n\n<p>Ende November waren unsere Medienreferent*innen zu Besuch in Leingarten. Dort fand der zweit\u00e4gige \u201eImPerfect-Workshop\u201c statt, bei dem sich die Sch\u00fcler*innen mit der Selbstdarstellung, Herausforderungen und aber auch Chancen im Internet besch\u00e4ftigten.<\/p>\n\n\n\n<p>Am ersten Workshoptag kam es durch den Pr\u00e4sentationsinput unserer Referierenden zu einem konstruktiven Austausch mit den Teilnehmenden, der einen tieferen Einblick in die Social Media Welt erm\u00f6glichte. Die Aufmerksamkeit und Beteiligung der Jugendlichen war hoch, da sie sich mit dem Thema gut identifizieren konnten.<br>Anschlie\u00dfend wurden die Profilfotos aufgenommen und in die fiktive ImPerfect-App eingef\u00fcgt, wodurch die Teilnehmenden neue oder erste Kenntnisse zu Bildbearbeitung gesammelt haben. Des Weiteren haben sie ihre eigenen Namen angepasst und Beschreibungen hinzugef\u00fcgt. Die Arbeit mit den Dateien und Laptops verlief m\u00fchelos, da die Sch\u00fcler*innen mit den bereitgestellten Laptops grundlegend umgehen konnten.<\/p>\n\n\n<div class=\"wp-block-image\">\n<figure class=\"alignright size-medium\"><img loading=\"lazy\" width=\"300\" height=\"218\" src=\"https:\/\/www.lkjbw.de\/blog\/wp-content\/uploads\/2022\/12\/Felicia-300x218.jpg\" alt=\"In diesem Projektergebnis hat sich ein Sch\u00fcler ganz klein auf die Pfoten eines Hundes bearbeitet\" class=\"wp-image-7200 colorbox-7198\" srcset=\"https:\/\/www.lkjbw.de\/blog\/wp-content\/uploads\/2022\/12\/Felicia-300x218.jpg 300w, https:\/\/www.lkjbw.de\/blog\/wp-content\/uploads\/2022\/12\/Felicia-1024x745.jpg 1024w, https:\/\/www.lkjbw.de\/blog\/wp-content\/uploads\/2022\/12\/Felicia-1536x1117.jpg 1536w, https:\/\/www.lkjbw.de\/blog\/wp-content\/uploads\/2022\/12\/Felicia-241x175.jpg 241w, https:\/\/www.lkjbw.de\/blog\/wp-content\/uploads\/2022\/12\/Felicia.jpg 2000w, https:\/\/www.lkjbw.de\/blog\/wp-content\/uploads\/2022\/12\/Felicia-300x218@2x.jpg 600w\" sizes=\"(max-width: 300px) 100vw, 300px\" \/><\/figure><\/div>\n\n\n<p>Au\u00dferdem wurden durch die Benutzung eines Smartboards die einzelnen Schritte einfacher erkl\u00e4rt und dargestellt, was die Verst\u00e4ndlichkeit merklich erh\u00f6ht hat.<br>Mit einem Beispielbild f\u00fcr die Bearbeitung eines Greenscreen-Bilds gab es zudem eine tolle \u00dcbung, die gezeigt werden konnte.<br>Alle Teilnehmenden hatten zum Ende von Tag eins ihr Projekt angelegt Und bereits erste Ergebnisse geschaffen.<\/p>\n\n\n\n<p>Am zweiten Tag wurde die erste Doppelstunde f\u00fcr die Fotos, die die Grundlage f\u00fcr das Beitragsbild sein sollten, genutzt. Das hat klasse funktioniert und alle Teilnehmenden konnten fr\u00fchzeitig mit der Bearbeitung beginnen. Am Ende des Workshops hatten alle Jugendlichen tolle und kreative Profile erstellt und in der ausf\u00fchrlichen Feedbackrunde wurden die zwei Tage reflektiert.<\/p>\n","protected":false},"excerpt":{"rendered":"<p>Ende November waren unsere Medienreferent*innen zu Besuch in Leingarten. Dort fand der zweit\u00e4gige \u201eImPerfect-Workshop\u201c statt, bei dem sich die Sch\u00fcler*innen mit der Selbstdarstellung, Herausforderungen und aber auch Chancen im Internet besch\u00e4ftigten. Am ersten Workshoptag kam es durch den Pr\u00e4sentationsinput unserer Referierenden zu einem konstruktiven Austausch mit den Teilnehmenden, der einen tieferen Einblick in die Social&#8230; <a class=\"moretag\" href=\"https:\/\/www.lkjbw.de\/blog\/2022\/11\/eichbottschule-leingarten-3\/\"> weiterlesen &raquo;<\/a><\/p>\n","protected":false},"author":17,"featured_media":7199,"comment_status":"closed","ping_status":"closed","sticky":false,"template":"","format":"standard","meta":[],"categories":[39],"tags":[],"_links":{"self":[{"href":"https:\/\/www.lkjbw.de\/blog\/wp-json\/wp\/v2\/posts\/7198"}],"collection":[{"href":"https:\/\/www.lkjbw.de\/blog\/wp-json\/wp\/v2\/posts"}],"about":[{"href":"https:\/\/www.lkjbw.de\/blog\/wp-json\/wp\/v2\/types\/post"}],"author":[{"embeddable":true,"href":"https:\/\/www.lkjbw.de\/blog\/wp-json\/wp\/v2\/users\/17"}],"replies":[{"embeddable":true,"href":"https:\/\/www.lkjbw.de\/blog\/wp-json\/wp\/v2\/comments?post=7198"}],"version-history":[{"count":4,"href":"https:\/\/www.lkjbw.de\/blog\/wp-json\/wp\/v2\/posts\/7198\/revisions"}],"predecessor-version":[{"id":7531,"href":"https:\/\/www.lkjbw.de\/blog\/wp-json\/wp\/v2\/posts\/7198\/revisions\/7531"}],"wp:featuredmedia":[{"embeddable":true,"href":"https:\/\/www.lkjbw.de\/blog\/wp-json\/wp\/v2\/media\/7199"}],"wp:attachment":[{"href":"https:\/\/www.lkjbw.de\/blog\/wp-json\/wp\/v2\/media?parent=7198"}],"wp:term":[{"taxonomy":"category","embeddable":true,"href":"https:\/\/www.lkjbw.de\/blog\/wp-json\/wp\/v2\/categories?post=7198"},{"taxonomy":"post_tag","embeddable":true,"href":"https:\/\/www.lkjbw.de\/blog\/wp-json\/wp\/v2\/tags?post=7198"}],"curies":[{"name":"wp","href":"https:\/\/api.w.org\/{rel}","templated":true}]}}