{"id":7568,"date":"2022-11-10T16:47:00","date_gmt":"2022-11-10T14:47:00","guid":{"rendered":"https:\/\/www.lkjbw.de\/blog\/?p=7568"},"modified":"2023-03-15T16:52:00","modified_gmt":"2023-03-15T14:52:00","slug":"grund-und-werkrealschule-ostheim-stuttgart","status":"publish","type":"post","link":"https:\/\/www.lkjbw.de\/blog\/2022\/11\/grund-und-werkrealschule-ostheim-stuttgart\/","title":{"rendered":"Grund- und Werkrealschule Ostheim Stuttgart"},"content":{"rendered":"\n<p>Anfang November war die LKJ mit dem Projekt \u201eLights on!\u201c zu Gast in der Vorbereitungsklasse 2 der Grund- und Werkrealschule Ostheim in Stuttgart. Sch\u00fcler*innen, die meist noch nicht lange in Deutschland sind, befassen sich an drei Projekttagen kreativ mit ihrer neuen Lebensrealit\u00e4t: z. B. Was sind meine W\u00fcnsche? Welche ersten Erfahrungen mit und in Deutschland habe ich bereits gemacht? Im Verlauf des Projekts lernen sie sich mit Hilfe von Medien visuell auszudr\u00fccken. Bei diesem Workshop war die \u00dcberlegung, das Verbindende der Klasse zu thematisieren: Das ist zum einen die Schule als gemeinsamer Ort und zum anderen das Erlernen von Deutsch. So entstand die Idee ein mediales Portr\u00e4t der Schule zu machen.<\/p>\n\n\n<div class=\"wp-block-image\">\n<figure class=\"alignleft size-large is-resized\"><img loading=\"lazy\" src=\"https:\/\/www.lkjbw.de\/blog\/wp-content\/uploads\/2023\/03\/PXL_20221109_091947365-1024x771.jpg\" alt=\"Auf dem Foto sind mehrere Sch\u00fcler und Sch\u00fclerinnen zu sehen, die gerade auf einem gro\u00dfen blauen Papierbogen einen Trickfilm animieren.\" class=\"wp-image-7570 colorbox-7568\" width=\"398\" height=\"300\" srcset=\"https:\/\/www.lkjbw.de\/blog\/wp-content\/uploads\/2023\/03\/PXL_20221109_091947365-1024x771.jpg 1024w, https:\/\/www.lkjbw.de\/blog\/wp-content\/uploads\/2023\/03\/PXL_20221109_091947365-300x226.jpg 300w, https:\/\/www.lkjbw.de\/blog\/wp-content\/uploads\/2023\/03\/PXL_20221109_091947365-1536x1157.jpg 1536w, https:\/\/www.lkjbw.de\/blog\/wp-content\/uploads\/2023\/03\/PXL_20221109_091947365-2048x1542.jpg 2048w, https:\/\/www.lkjbw.de\/blog\/wp-content\/uploads\/2023\/03\/PXL_20221109_091947365-232x175.jpg 232w, https:\/\/www.lkjbw.de\/blog\/wp-content\/uploads\/2023\/03\/PXL_20221109_091947365-300x226@2x.jpg 600w\" sizes=\"(max-width: 398px) 100vw, 398px\" \/><\/figure><\/div>\n\n\n<p>Ziel des ersten Tages war, die Kompetenzen der Sch\u00fcler*innen f\u00fcr die Kleingruppen kennenzulernen, sie durch verschiedene Aufgabenstellungen als Gruppe miteinander in Kontakt zu bringen und ihre Kommunikations- und Ausdrucksm\u00f6glichkeiten selbst zu erleben und zu erweitern. Nach Vorstellung des Teams und des Projekts startete der Tag mit dem Kennenlernen von Raum, Personen und Namen in verschiedenen Konstellationen mit theaterp\u00e4dagogischen Spielen und Methoden. Im Anschluss widmeten sie sich der Herausforderung mit Hilfe verschiedener Aufgabenstellungen zuerst nonverbal und dann nur mit \u201eJa\u201c zu kommunizieren. Ebenso stellten sie in Kleingruppen W\u00f6rter aus dem Bereich \u201eSchule\u201c z.B. Schulweg, Unterricht und Pause gestisch dar. Nach der Pause ging es dann weiter mit Sprache und Sprechen u.a. mit Atem\u00fcbungen, Zungenbrechern in verschiedenen Sprachen, aber auch K\u00f6rperbewusstsein und Artikulation. Da auch Interviews Teil des Schulportr\u00e4ts sein konnten, wurde eine Reihe von Fragestellungen erarbeitet und beantwortet. Am Ende des Tages standen vier Kleingruppen f\u00fcr folgende Medienbereiche fest: 1. Bild, 2. Ton und Ger\u00e4usche, 3. Interview und 4. Animation. Die Gruppen hatten daf\u00fcr bereits erste Ideen gesammelt. Jedem Teil des Tages schloss sich, soweit sprachlich m\u00f6glich, eine kurze Reflektion an: Was hat Spa\u00df gemacht? Was war schwer?<\/p>\n\n\n<div class=\"wp-block-image\">\n<figure class=\"alignright size-large is-resized\"><img loading=\"lazy\" src=\"https:\/\/www.lkjbw.de\/blog\/wp-content\/uploads\/2023\/03\/PXL_20221109_100435431-1024x771.jpg\" alt=\"Auf dem Foto sind zwei Sch\u00fcler vor einem gro\u00dfen gr\u00fcnen Stoffvorhang zu sehen. Ein Medienreferent filmt die Szene.\" class=\"wp-image-7569 colorbox-7568\" width=\"398\" height=\"300\" srcset=\"https:\/\/www.lkjbw.de\/blog\/wp-content\/uploads\/2023\/03\/PXL_20221109_100435431-1024x771.jpg 1024w, https:\/\/www.lkjbw.de\/blog\/wp-content\/uploads\/2023\/03\/PXL_20221109_100435431-300x226.jpg 300w, https:\/\/www.lkjbw.de\/blog\/wp-content\/uploads\/2023\/03\/PXL_20221109_100435431-1536x1157.jpg 1536w, https:\/\/www.lkjbw.de\/blog\/wp-content\/uploads\/2023\/03\/PXL_20221109_100435431-2048x1542.jpg 2048w, https:\/\/www.lkjbw.de\/blog\/wp-content\/uploads\/2023\/03\/PXL_20221109_100435431-232x175.jpg 232w, https:\/\/www.lkjbw.de\/blog\/wp-content\/uploads\/2023\/03\/PXL_20221109_100435431-300x226@2x.jpg 600w\" sizes=\"(max-width: 398px) 100vw, 398px\" \/><\/figure><\/div>\n\n\n<p>Am zweiten Tag planten die Kleingruppen ihr Vorgehen: Was ist das Medium und die Aufgabe f\u00fcr ein Schulportr\u00e4t? Was wird an Material ben\u00f6tigt? Wie ist die Aufgabenverteilung innerhalb der Gruppe (z.B. Bild-, Tonaufnahme, Moderation, Fragen stellen)? Welche weiteren vorbereitenden Ma\u00dfnahmen braucht es \u2013 z.B. R\u00e4ume ausw\u00e4hlen, Interviewpartner*in anfragen? Danach startete jede Gruppe unabh\u00e4ngig voneinander in die Umsetzung ihrer Aufgabe in und um die Schule: Eine sammelte Ton und Ger\u00e4usche, die die Schule atmosph\u00e4risch und typisch darstellen \u2013 vom Pausenhof \u00fcber Treppenhaus bis zur Toilettensp\u00fclung. Eine andere Gruppe fotografierte und filmte relevante Orte in und um die Schule. Die n\u00e4chsten interviewten verschiedene Personen des Schullebens wie z.B. Mitsch\u00fcler*innen, Klassenlehrerin oder Schulsekret\u00e4rin und die vierte Gruppe produzierte per Animation einen kreativ umgesetzten filmischen Rahmen mit Titel und Mitwirkenden.<\/p>\n\n\n\n<p>F\u00fcr den dritten Tag kam dann Idee auf, etwas zur Geschichte der Schule aufzunehmen. So wurde eine Auswahl von historischem Bildmaterial gesichtet und kleine Textbeitr\u00e4ge entworfen. Manche Sch\u00fcler*innen arbeiteten an diesem Tag mit dem Greenscreen. Nach einer Einf\u00fchrung und gemeinsamer praktischer Erprobung, wurde jede*r vor dem Greenscreen mit einer selbst gew\u00e4hlten Bewegung aufgenommen. In der Abschlussrunde wurde viel Freude am Projekt selbst und Stolz auf die gemeinsame erfolgreiche Arbeit, trotz einiger H\u00fcrden und Sprachbarrieren, laut. F\u00fcr das Team, aber auch f\u00fcr alle Beteiligten war es ein Projekt mit viel Bewegung in der Klassengemeinschaft, in dem ein gegenseitiges Kennenlernen auf anderer Ebene m\u00f6glich war, aber auch eigene F\u00e4higkeiten und Talente eingebracht oder sogar erstmals erlebt wurden, die dann in einem gemeinsamen Produkt sichtbar zusammengef\u00fchrt wurden.<\/p>\n\n\n<figure class=\"wp-block-embed-youtube wp-block-embed is-type-video is-provider-youtube\"><div class=\"lyte-wrapper\" style=\"width:560px;max-width:100%;margin:5px;\"><div class=\"lyMe\" id=\"WYL_O1bMhTTa-AA\"><div id=\"lyte_O1bMhTTa-AA\" data-src=\"https:\/\/www.lkjbw.de\/blog\/wp-content\/plugins\/wp-youtube-lyte\/lyteCache.php?origThumbUrl=%2F%2Fi.ytimg.com%2Fvi%2FO1bMhTTa-AA%2Fhqdefault.jpg\" class=\"pL\"><div class=\"tC\"><div class=\"tT\"><\/div><\/div><div class=\"play\"><\/div><div class=\"ctrl\"><div class=\"Lctrl\"><\/div><div class=\"Rctrl\"><\/div><\/div><\/div><noscript><a href=\"https:\/\/youtu.be\/O1bMhTTa-AA\"><img class=\"colorbox-7568\"  src=\"https:\/\/www.lkjbw.de\/blog\/wp-content\/plugins\/wp-youtube-lyte\/lyteCache.php?origThumbUrl=https%3A%2F%2Fi.ytimg.com%2Fvi%2FO1bMhTTa-AA%2F0.jpg\" alt=\"\" width=\"560\" height=\"295\" \/><br \/>Dieses Video auf YouTube ansehen<\/a><\/noscript><\/div><\/div><div class=\"lL\" style=\"max-width:100%;width:560px;margin:5px;\"><br\/><span class=\"lyte_disclaimer\">Hinweis: Wenn Sie das Video starten werden Informationen an YouTube gesendet und gespeichert. Bitte beachten Sie unsere Hinweise zum <a href=\"\/blog\/datenschutz\/\">Datenschutz<\/a>.<\/span><\/div><figcaption><\/figcaption><\/figure>","protected":false},"excerpt":{"rendered":"<p>Anfang November war die LKJ mit dem Projekt \u201eLights on!\u201c zu Gast in der Vorbereitungsklasse 2 der Grund- und Werkrealschule Ostheim in Stuttgart. Sch\u00fcler*innen, die meist noch nicht lange in Deutschland sind, befassen sich an drei Projekttagen kreativ mit ihrer neuen Lebensrealit\u00e4t: z. B. Was sind meine W\u00fcnsche? Welche ersten Erfahrungen mit und in Deutschland&#8230; <a class=\"moretag\" href=\"https:\/\/www.lkjbw.de\/blog\/2022\/11\/grund-und-werkrealschule-ostheim-stuttgart\/\"> weiterlesen &raquo;<\/a><\/p>\n","protected":false},"author":17,"featured_media":7569,"comment_status":"closed","ping_status":"closed","sticky":false,"template":"","format":"standard","meta":[],"categories":[44],"tags":[],"_links":{"self":[{"href":"https:\/\/www.lkjbw.de\/blog\/wp-json\/wp\/v2\/posts\/7568"}],"collection":[{"href":"https:\/\/www.lkjbw.de\/blog\/wp-json\/wp\/v2\/posts"}],"about":[{"href":"https:\/\/www.lkjbw.de\/blog\/wp-json\/wp\/v2\/types\/post"}],"author":[{"embeddable":true,"href":"https:\/\/www.lkjbw.de\/blog\/wp-json\/wp\/v2\/users\/17"}],"replies":[{"embeddable":true,"href":"https:\/\/www.lkjbw.de\/blog\/wp-json\/wp\/v2\/comments?post=7568"}],"version-history":[{"count":1,"href":"https:\/\/www.lkjbw.de\/blog\/wp-json\/wp\/v2\/posts\/7568\/revisions"}],"predecessor-version":[{"id":7571,"href":"https:\/\/www.lkjbw.de\/blog\/wp-json\/wp\/v2\/posts\/7568\/revisions\/7571"}],"wp:featuredmedia":[{"embeddable":true,"href":"https:\/\/www.lkjbw.de\/blog\/wp-json\/wp\/v2\/media\/7569"}],"wp:attachment":[{"href":"https:\/\/www.lkjbw.de\/blog\/wp-json\/wp\/v2\/media?parent=7568"}],"wp:term":[{"taxonomy":"category","embeddable":true,"href":"https:\/\/www.lkjbw.de\/blog\/wp-json\/wp\/v2\/categories?post=7568"},{"taxonomy":"post_tag","embeddable":true,"href":"https:\/\/www.lkjbw.de\/blog\/wp-json\/wp\/v2\/tags?post=7568"}],"curies":[{"name":"wp","href":"https:\/\/api.w.org\/{rel}","templated":true}]}}