{"id":7690,"date":"2023-02-03T17:21:00","date_gmt":"2023-02-03T15:21:00","guid":{"rendered":"https:\/\/www.lkjbw.de\/blog\/?p=7690"},"modified":"2023-05-03T17:38:12","modified_gmt":"2023-05-03T15:38:12","slug":"humboldt-gymnasium-in-karlsruhe","status":"publish","type":"post","link":"https:\/\/www.lkjbw.de\/blog\/2023\/02\/humboldt-gymnasium-in-karlsruhe\/","title":{"rendered":"Humboldt-Gymnasium in Karlsruhe"},"content":{"rendered":"\n<p>Mitte Februar besuchten die Medienreferenten der LKJ das Humboldt-Gymnasium in Karlsruhe f\u00fcr ein \u201eRadio im Klassen Zimmer Projekt\u201c. Dort begr\u00fc\u00dften sie 25 Sch\u00fcler*innen der 11.Klasse, die mit ihrer Lehrerin bereits einige Vorabreit geleitet hatten.<\/p>\n\n\n\n<p>Angelehnt an eine von der Landesbibliothek Baden-W\u00fcrttemberg veranstaltete Vortragsreihe mit dem Titel \u201eNeusprech\u201c, plante die Gruppe eigene Podcast Folgen zu verschiedenen Aspekten von Sprache f\u00fcr ihre eigene Podcast Reihe \u201eHumboldt Talks\u201c.<\/p>\n\n\n\n<p>Dem entsprechend legten unsere Referenten einen Schwerpunkt auf die Besonderheiten von Podcasts mit ihren immer wiederholenden Verpackungen bestehend aus Intro, Outro, Titel und Aufbau der Folgen.<\/p>\n\n\n\n<p>Ebenso lernten die Teilnehmenden, wie wichtig der Aufbau und die Dramaturgie eines Podcasts mit mehreren Folgen ist. Als wichtigen Tipp bekamen die Jugendlichen auch den Ansto\u00df nicht nur Gespr\u00e4che zu f\u00fchren, sondern auch andere Elemente wie Interviews oder Moderationen einzubauen.<\/p>\n\n\n\n<p>Im Anschluss an die Grundlagen machten sich Teilnehmenden in Kleingruppen an die Recherchen zu ihren unterschiedlichen Themen, m\u00f6glichen Gespr\u00e4chspartner*innen und verfassen der Moderationen, um diese sp\u00e4ter fl\u00fcssig einsprechen zu k\u00f6nnen.<\/p>\n\n\n<div class=\"wp-block-image\">\n<figure class=\"alignleft size-medium is-resized\"><img loading=\"lazy\" src=\"https:\/\/www.lkjbw.de\/blog\/wp-content\/uploads\/2023\/05\/2023-02-16_RiK_KA_Humboldt_03-225x300.jpg\" alt=\"Ein Flipchartpapier mit der Liste aller beitragsthemen: Gendersprache, Politik und Gesellschaft, Sprache und Gewalt, Jugendsprache, Soziale Medien.\" class=\"wp-image-7691 colorbox-7690\" width=\"295\" height=\"393\" srcset=\"https:\/\/www.lkjbw.de\/blog\/wp-content\/uploads\/2023\/05\/2023-02-16_RiK_KA_Humboldt_03-225x300.jpg 225w, https:\/\/www.lkjbw.de\/blog\/wp-content\/uploads\/2023\/05\/2023-02-16_RiK_KA_Humboldt_03-768x1024.jpg 768w, https:\/\/www.lkjbw.de\/blog\/wp-content\/uploads\/2023\/05\/2023-02-16_RiK_KA_Humboldt_03-1152x1536.jpg 1152w, https:\/\/www.lkjbw.de\/blog\/wp-content\/uploads\/2023\/05\/2023-02-16_RiK_KA_Humboldt_03-131x175.jpg 131w, https:\/\/www.lkjbw.de\/blog\/wp-content\/uploads\/2023\/05\/2023-02-16_RiK_KA_Humboldt_03.jpg 1500w, https:\/\/www.lkjbw.de\/blog\/wp-content\/uploads\/2023\/05\/2023-02-16_RiK_KA_Humboldt_03-225x300@2x.jpg 450w\" sizes=\"(max-width: 295px) 100vw, 295px\" \/><\/figure><\/div>\n\n\n<p>Nach einer technischen Einf\u00fchrung zu den Aufnahmeger\u00e4ten gingen auch die ersten Gruppen dazu \u00fcber, die Texte einzusprechen und Gespr\u00e4che zu f\u00fchren, um diese anschlie\u00dfend am Computer zusammenzuschneiden. W\u00e4hrend die Gruppen ihre Aufnahmen auf eine einheitliche L\u00e4nge von 5-10 Minuten k\u00fcrzten, widmete sich eine Teilnehmerin dem Intro und Outro, welches f\u00fcr jede Podcast Folge verwendet wird.<\/p>\n\n\n\n<p>Das Projekt war wieder ein gro\u00dfer Erfolg &#8211; Mit den Ergebnissen waren wir, die Teilnehmenden und auch die Lehrerin sehr zufrieden. Die Sch\u00fcler*innen haben sowohl mit ihren Themen wie auch mit dem Podcastformat sehr kreativ und ernsthaft gearbeitet. Dabei sind Ergebnisse entstanden, die teilweise sehr tief in die jeweilige Thematik vordringen.<\/p>\n\n\n\n<p>H\u00f6rt selbst:<\/p>\n\n\n\n<h3>1. Gewalt in der Sprache<\/h3>\n\n\n\n<p>Gibt es eine Verrohung der Alltagssprache, wie oftmals behauptet wird? Und korrespondiert diese sprachliche Verrohung mit einer Zunahme der k\u00f6rperlichen Gewalt? F\u00fchrt das eine zum anderen? Die Gruppe versucht diesen Fragen auf den Grund zu gehen und zitiert nicht nur aus Texten popul\u00e4rer Rapper, sondern hat auch mit einem Polizeibeamten gesprochen, der jeden Tag mit der Sprache von Jugendlichen konfrontiert ist.<\/p>\n\n\n\n<figure class=\"wp-block-audio\"><audio controls src=\"https:\/\/www.lkjbw.de\/blog\/wp-content\/uploads\/2023\/05\/Humboldt_Talks_Gewalt_mit_Anmod.mp3\"><\/audio><\/figure>\n\n\n\n<h3>2. Sprache in der Politik<\/h3>\n\n\n\n<p>Die Sprache von Politikerinnen und Politikern ist ein Aush\u00e4ngeschild der Demokratie. Zu diesem Schluss kommt diese Folge des Podcasts. Zum einen werden Begriffe benannt und aufgez\u00e4hlt, die in letzter Zeit als Politik-Schlagworte bezeichnet werden k\u00f6nnen und in denen oftmals Pauschalisierungen und Diskriminierungen angelegt sind. Zum anderen wird untersucht, wie sch\u00e4dlich inhaltslose Worte f\u00fcr das B\u00fcrgervertrauen in die Demokratie sein k\u00f6nnen. Dazu hat sich die Gruppe u.a. mit einem Karlsruher Lokalpolitiker unterhalten.<\/p>\n\n\n\n<figure class=\"wp-block-audio\"><audio controls src=\"https:\/\/www.lkjbw.de\/blog\/wp-content\/uploads\/2023\/05\/Humboldt_Talks_Politiksprache_mit_Anmod.mp3\"><\/audio><\/figure>\n\n\n\n<h3>3. Sprache in Social Media<\/h3>\n\n\n\n<p>F\u00fcr Jugendliche sind soziale Netzwerke nicht nur ein Zeitvertreib, sondern auch ein wichtiges Mittel der Kommunikation. In diesem Beitrag wird untersucht, wie dies auch die Sprache au\u00dferhalb dieser Medien beeinflusst. Es gibt tats\u00e4chlich Ausdr\u00fccke, die sich aus dem Gebrauch von Emojis in Postings ableiten, die aber mittlerweile auch Teil der Alltagssprache sind. Je mehr sich aber bestimmte gesellschaftliche Gruppen in dieser Sprache unterhalten, desto mehr werden Menschen ausgeschlossen, die keinen Bezug zu Social Media haben. Tun sich also innerhalb unserer Gesellschaft sprachliche Gr\u00e4ben auf?<\/p>\n\n\n\n<figure class=\"wp-block-audio\"><audio controls src=\"https:\/\/www.lkjbw.de\/blog\/wp-content\/uploads\/2023\/05\/Humboldt_Talks_Social_Media_mit_Anmod.mp3\"><\/audio><\/figure>\n\n\n\n<h3>4. Jugendsprache<\/h3>\n\n\n\n<p>Schon immer haben Jugendliche ihre ganz eigene Sprache gesprochen, in der Neologismen auftauchen, aber auch Umdeutungen bereits existierender W\u00f6rter und S\u00e4tze. In diesem Beitrag werden einige Beispiele aus der aktuellen Jugendsprache vorgestellt. Gleichzeitig kommen aber auch Menschen zu Wort, die schon etwas \u00e4lter sind und sich an ihre eigene Jugendsprache erinnern. War fr\u00fcher wirklich alles anders oder unterschied sich einfach nur das Vokabular von dem heute? Und was hat es mit dem \u201eJugendwort des Jahres\u201c auf sich?<\/p>\n\n\n\n<figure class=\"wp-block-audio\"><audio controls src=\"https:\/\/www.lkjbw.de\/blog\/wp-content\/uploads\/2023\/05\/Humboldt_Talks_Jugendsprache_mit_Anmod.mp3\"><\/audio><\/figure>\n\n\n\n<h3>5. Gendern<\/h3>\n\n\n\n<p>Hierbei handelt es sich zweifellos um eines der gro\u00dfen Aufregerthemen der letzten Monate und Jahre. Jede und jeder scheint eine Meinung zu dieser Thematik zu haben \u2013 und zwar nicht nur einfach eine Meinung, sondern eine, die auch mit einer geh\u00f6rigen Portion Emotionalit\u00e4t daherkommt. Der Beitrag will die Frage beantworten, was Gendersprache \u00fcberhaupt bezweckt. Au\u00dferdem kommen viele Menschen zu Wort, die erkl\u00e4ren, wie sie zu diesem Thema stehen. Dabei gibt es scheinbar eine gewisse Diskrepanz zwischen privater Sprache und \u00f6ffentlicher Sprache.<\/p>\n\n\n\n<figure class=\"wp-block-audio\"><audio controls src=\"https:\/\/www.lkjbw.de\/blog\/wp-content\/uploads\/2023\/05\/Humboldt_Talks_Gendern_mit_Anmod.mp3\"><\/audio><\/figure>\n","protected":false},"excerpt":{"rendered":"<p>Mitte Februar besuchten die Medienreferenten der LKJ das Humboldt-Gymnasium in Karlsruhe f\u00fcr ein \u201eRadio im Klassen Zimmer Projekt\u201c. Dort begr\u00fc\u00dften sie 25 Sch\u00fcler*innen der 11.Klasse, die mit ihrer Lehrerin bereits einige Vorabreit geleitet hatten. Angelehnt an eine von der Landesbibliothek Baden-W\u00fcrttemberg veranstaltete Vortragsreihe mit dem Titel \u201eNeusprech\u201c, plante die Gruppe eigene Podcast Folgen zu verschiedenen&#8230; <a class=\"moretag\" href=\"https:\/\/www.lkjbw.de\/blog\/2023\/02\/humboldt-gymnasium-in-karlsruhe\/\"> weiterlesen &raquo;<\/a><\/p>\n","protected":false},"author":16,"featured_media":7691,"comment_status":"closed","ping_status":"closed","sticky":false,"template":"","format":"standard","meta":[],"categories":[1],"tags":[],"_links":{"self":[{"href":"https:\/\/www.lkjbw.de\/blog\/wp-json\/wp\/v2\/posts\/7690"}],"collection":[{"href":"https:\/\/www.lkjbw.de\/blog\/wp-json\/wp\/v2\/posts"}],"about":[{"href":"https:\/\/www.lkjbw.de\/blog\/wp-json\/wp\/v2\/types\/post"}],"author":[{"embeddable":true,"href":"https:\/\/www.lkjbw.de\/blog\/wp-json\/wp\/v2\/users\/16"}],"replies":[{"embeddable":true,"href":"https:\/\/www.lkjbw.de\/blog\/wp-json\/wp\/v2\/comments?post=7690"}],"version-history":[{"count":2,"href":"https:\/\/www.lkjbw.de\/blog\/wp-json\/wp\/v2\/posts\/7690\/revisions"}],"predecessor-version":[{"id":7704,"href":"https:\/\/www.lkjbw.de\/blog\/wp-json\/wp\/v2\/posts\/7690\/revisions\/7704"}],"wp:featuredmedia":[{"embeddable":true,"href":"https:\/\/www.lkjbw.de\/blog\/wp-json\/wp\/v2\/media\/7691"}],"wp:attachment":[{"href":"https:\/\/www.lkjbw.de\/blog\/wp-json\/wp\/v2\/media?parent=7690"}],"wp:term":[{"taxonomy":"category","embeddable":true,"href":"https:\/\/www.lkjbw.de\/blog\/wp-json\/wp\/v2\/categories?post=7690"},{"taxonomy":"post_tag","embeddable":true,"href":"https:\/\/www.lkjbw.de\/blog\/wp-json\/wp\/v2\/tags?post=7690"}],"curies":[{"name":"wp","href":"https:\/\/api.w.org\/{rel}","templated":true}]}}