{"id":7846,"date":"2023-06-20T15:15:00","date_gmt":"2023-06-20T13:15:00","guid":{"rendered":"https:\/\/www.lkjbw.de\/blog\/?p=7846"},"modified":"2023-07-19T15:32:29","modified_gmt":"2023-07-19T13:32:29","slug":"freie-duale-fachakademie-fuer-paedagogik-in-karlsruhe","status":"publish","type":"post","link":"https:\/\/www.lkjbw.de\/blog\/2023\/06\/freie-duale-fachakademie-fuer-paedagogik-in-karlsruhe\/","title":{"rendered":"Freie duale Fachakademie f\u00fcr P\u00e4dagogik in Karlsruhe"},"content":{"rendered":"\n<p>Bei der Gruppe handelte es sich um eine Fachklasse f\u00fcr den Beruf des\/der Erzieher*in. S\u00e4mtliche Teilnehmer*innen waren vollj\u00e4hrig. Im Gegensatz zu unseren sonstigen Projekten, wo der regul\u00e4re Schulunterricht normalerweise fr\u00fcher startet als um 8 Uhr, ist an der Schule, die im <em>element-i<\/em>-Bildungszentrum untergebracht ist (zu dem auch Kitas, eine Gemeinschaftsschule und andere Einrichtungen geh\u00f6ren), Unterrichtsbeginn normalerweise um 9 Uhr. Die Gruppe hat also freiwillig einen fr\u00fcheren Tagesbeginn in Kauf genommen, um an unserem Projekt teilnehmen zu k\u00f6nnen und auch im Projektverlauf viel Motivation und Engagement gezeigt.<\/p>\n\n\n<div class=\"wp-block-image\">\n<figure class=\"alignleft size-medium\"><img loading=\"lazy\" width=\"300\" height=\"201\" src=\"https:\/\/www.lkjbw.de\/blog\/wp-content\/uploads\/2020\/03\/Backnang_Blog-300x201.jpg\" alt=\"EIne rote Lampe mit &quot;on Air&quot; zeigt, wie wird Radio gemacht.\" class=\"wp-image-5190 colorbox-7846\" srcset=\"https:\/\/www.lkjbw.de\/blog\/wp-content\/uploads\/2020\/03\/Backnang_Blog-300x201.jpg 300w, https:\/\/www.lkjbw.de\/blog\/wp-content\/uploads\/2020\/03\/Backnang_Blog-768x513.jpg 768w, https:\/\/www.lkjbw.de\/blog\/wp-content\/uploads\/2020\/03\/Backnang_Blog-1024x684.jpg 1024w, https:\/\/www.lkjbw.de\/blog\/wp-content\/uploads\/2020\/03\/Backnang_Blog-345x230.jpg 345w, https:\/\/www.lkjbw.de\/blog\/wp-content\/uploads\/2020\/03\/Backnang_Blog-250x167.jpg 250w, https:\/\/www.lkjbw.de\/blog\/wp-content\/uploads\/2020\/03\/Backnang_Blog-300x201@2x.jpg 600w, https:\/\/www.lkjbw.de\/blog\/wp-content\/uploads\/2020\/03\/Backnang_Blog-768x513@2x.jpg 1536w, https:\/\/www.lkjbw.de\/blog\/wp-content\/uploads\/2020\/03\/Backnang_Blog-1024x684@2x.jpg 2048w, https:\/\/www.lkjbw.de\/blog\/wp-content\/uploads\/2020\/03\/Backnang_Blog-345x230@2x.jpg 690w, https:\/\/www.lkjbw.de\/blog\/wp-content\/uploads\/2020\/03\/Backnang_Blog-250x167@2x.jpg 500w\" sizes=\"(max-width: 300px) 100vw, 300px\" \/><\/figure><\/div>\n\n\n<p>Im Vorfeld hatte die Gruppe bereits \u00fcber m\u00f6gliche Themen gesprochen. Schon hier hatte sich herausgestellt, dass sich viele der gew\u00e4hlten Themen mit dem Erzieher*innen-Beruf auseinandersetzen. F\u00fcr uns war das in zweierlei Hinsicht ein Gewinn. Zun\u00e4chst einmal bedeutete es eine Abweichung vom Themenspektrum, mit dem wir es sonst \u00f6fter zu tun haben (Fu\u00dfball, Jugendsprache, Handynutzung etc.). Zweitens wurde auf diese Weise ein gesellschaftlich aktuelles und relevantes Thema aus der Innenperspektive beleuchtet.<\/p>\n\n\n\n<p>Der Erzieher*innen-Beruf wird \u2013 je nach medialem Fokus \u2013 gerne romantisiert oder im Gegenteil als besonders stressig oder unterbezahlt oder allgemein negativ dargestellt. Bei den Teilnehmer*innen war das Bed\u00fcrfnis sp\u00fcrbar, mehr Sachlichkeit und Relativierung in den Diskurs zu bringen.<\/p>\n\n\n\n<p>So entstanden vier sehr sch\u00f6ne Beitr\u00e4ge rund um das Thema P\u00e4dagogik im Talk-Format und ein weiterer zum Eurovision Song Contest:<\/p>\n\n\n\n<h3>1. Erzieher*innen und Freizeit<\/h3>\n\n\n\n<p>F\u00fcr jeden bedeutet Freizeit etwas anderes \u2013 doch in einem Punkt sind alle sich einig: Die Freizeit f\u00e4ngt erst dort an, wo man die Arbeit auch in Gedanken hinter sich lassen und mal an etwas anderes denken kann. Das f\u00e4llt Erzieher*innen aber zunehmend schwer. Der Grund: Personalmangel, Belastung und eine Vielzahl von Aufgaben. Das alles dringt bis weit in den privaten Bereich ein und f\u00fchrt dazu, dass Freizeit nicht mehr so genossen werden kann. In diesem Beitrag geht es um die momentane Situation der Erzieher*innen und um Strategien, Freizeit besser gestalten zu k\u00f6nnen.<\/p>\n\n\n\n<figure class=\"wp-block-audio\"><audio controls src=\"https:\/\/www.lkjbw.de\/blog\/wp-content\/uploads\/2023\/07\/ErzieherInnen-und-ihre-Freizeit.mp3\"><\/audio><\/figure>\n\n\n\n<h3>2. Erzieher*innen-Mangel<\/h3>\n\n\n\n<p>Die Prognosen sind d\u00fcster: Laut Sch\u00e4tzungen werden bis zum Jahr 2030 deutschlandweit etwa 200.000 Erzieher*innen fehlen. Schon heute ist die Situation an Kinderg\u00e4rten und Kitas angespannt. In diesem Beitrag wird nach Gr\u00fcnden f\u00fcr diesen Mangel gesucht. Dazu kommen Erzieher*innen und Ausbilder*innen zu Wort. Unter anderem geht es darum, ob das mediale Bild, das von diesem Berufsfeld gezeichnet wird, viel schlechter ist als die Realit\u00e4t \u2013 und dadurch m\u00f6glicherweise potentielle Bewerber abschreckt, was sich dann wieder negativ auf die Situation auswirkt.<\/p>\n\n\n\n<figure class=\"wp-block-audio\"><audio controls src=\"https:\/\/www.lkjbw.de\/blog\/wp-content\/uploads\/2023\/07\/ErzieherInnen-Mangel.mp3\"><\/audio><\/figure>\n\n\n\n<h3>3. Lichtblicke im Erzieher*innenberuf<\/h3>\n\n\n\n<p>Wenn in den Medien \u00fcber den Beruf der Erzieherin oder des Erziehers berichtet wird, geht es meistens um negative Dinge: Kitaplatzmangel, Erziehermangel, Arbeitsbelastung, schlechte Bezahlung. Was dabei oft vergessen wird: Der Beruf h\u00e4lt eine Menge begl\u00fcckender und sch\u00f6ner Momente bereit. Denn schlie\u00dflich geht es um Kinder. In diesem Beitrag erz\u00e4hlen Erzieherinnen und Erzieher von ihren sch\u00f6nsten, r\u00fchrendsten und lustigsten Momenten, die sie bei der Arbeit erlebt haben.<\/p>\n\n\n\n<figure class=\"wp-block-audio\"><audio controls src=\"https:\/\/www.lkjbw.de\/blog\/wp-content\/uploads\/2023\/07\/Lichteblicke-im-Kita-Alltag.mp3\"><\/audio><\/figure>\n\n\n\n<h3>4. Mythos und Realit\u00e4t<\/h3>\n\n\n\n<p>Wie stellen sich Menschen die Arbeit in einer Kita, einem Hort oder im Kindergarten vor? Worin besteht die Arbeit mit Kindern? Singen Erzieher*innen den ganzen Tag Lieder, leeren Windeln, spielen mit den Kleinen und sorgen daf\u00fcr, dass nicht an den Haaren gezogen, gezwickt und gebissen wird? Der Beitrag will mit ein paar g\u00e4ngigen Vorurteilen aufr\u00e4umen. Vor allem will er aber betonen, dass es sich beim Erzieherberuf um eine qualifizierte p\u00e4dagogische T\u00e4tigkeit handelt, die nicht nur finanziell honoriert, sondern auch gesellschaftlich anerkannt wird.<\/p>\n\n\n\n<figure class=\"wp-block-audio\"><audio controls src=\"https:\/\/www.lkjbw.de\/blog\/wp-content\/uploads\/2023\/07\/Mythen-und-Realitaet-im-ErzieherInnen-Beruf.mp3\"><\/audio><\/figure>\n\n\n\n<h3>5. ESC \u2013 Eurovision Song Contest<\/h3>\n\n\n\n<p>Wenn man sich die ESC-Wettbewerbe der letzte Jahre anschaut, so muss man zum Schluss kommen, dass Deutschland \u2013 um es mal milde auszudr\u00fccken \u2013 nicht grade eine Erfolgsstr\u00e4hne durchlebt. Nachdem auch im Jahr 2023 wieder nur der letzte Platz raussprang, wurde in den Medien die Forderung laut, doch mal ein paar Jahre zu pausieren und sich als teilnehmende Nation quasi neu zu erfinden. In diesem Gespr\u00e4chsbeitrag tauschen sich zwei ESC-Fans dar\u00fcber aus, warum ein paar schlechte Jahre noch kein Grund f\u00fcrs Aufh\u00f6ren oder Pausieren ist und was denn eigentlich die Faszination dieses Wettbewerbs ausmacht.<\/p>\n\n\n\n<figure class=\"wp-block-audio\"><audio controls src=\"https:\/\/www.lkjbw.de\/blog\/wp-content\/uploads\/2023\/07\/ESC_Podcast.mp3\"><\/audio><\/figure>\n","protected":false},"excerpt":{"rendered":"<p>Bei der Gruppe handelte es sich um eine Fachklasse f\u00fcr den Beruf des\/der Erzieher*in. S\u00e4mtliche Teilnehmer*innen waren vollj\u00e4hrig. Im Gegensatz zu unseren sonstigen Projekten, wo der regul\u00e4re Schulunterricht normalerweise fr\u00fcher startet als um 8 Uhr, ist an der Schule, die im element-i-Bildungszentrum untergebracht ist (zu dem auch Kitas, eine Gemeinschaftsschule und andere Einrichtungen geh\u00f6ren), Unterrichtsbeginn&#8230; <a class=\"moretag\" href=\"https:\/\/www.lkjbw.de\/blog\/2023\/06\/freie-duale-fachakademie-fuer-paedagogik-in-karlsruhe\/\"> weiterlesen &raquo;<\/a><\/p>\n","protected":false},"author":16,"featured_media":0,"comment_status":"closed","ping_status":"closed","sticky":false,"template":"","format":"standard","meta":[],"categories":[1],"tags":[],"_links":{"self":[{"href":"https:\/\/www.lkjbw.de\/blog\/wp-json\/wp\/v2\/posts\/7846"}],"collection":[{"href":"https:\/\/www.lkjbw.de\/blog\/wp-json\/wp\/v2\/posts"}],"about":[{"href":"https:\/\/www.lkjbw.de\/blog\/wp-json\/wp\/v2\/types\/post"}],"author":[{"embeddable":true,"href":"https:\/\/www.lkjbw.de\/blog\/wp-json\/wp\/v2\/users\/16"}],"replies":[{"embeddable":true,"href":"https:\/\/www.lkjbw.de\/blog\/wp-json\/wp\/v2\/comments?post=7846"}],"version-history":[{"count":3,"href":"https:\/\/www.lkjbw.de\/blog\/wp-json\/wp\/v2\/posts\/7846\/revisions"}],"predecessor-version":[{"id":7854,"href":"https:\/\/www.lkjbw.de\/blog\/wp-json\/wp\/v2\/posts\/7846\/revisions\/7854"}],"wp:attachment":[{"href":"https:\/\/www.lkjbw.de\/blog\/wp-json\/wp\/v2\/media?parent=7846"}],"wp:term":[{"taxonomy":"category","embeddable":true,"href":"https:\/\/www.lkjbw.de\/blog\/wp-json\/wp\/v2\/categories?post=7846"},{"taxonomy":"post_tag","embeddable":true,"href":"https:\/\/www.lkjbw.de\/blog\/wp-json\/wp\/v2\/tags?post=7846"}],"curies":[{"name":"wp","href":"https:\/\/api.w.org\/{rel}","templated":true}]}}