{"id":7929,"date":"2023-07-25T16:04:00","date_gmt":"2023-07-25T14:04:00","guid":{"rendered":"https:\/\/www.lkjbw.de\/blog\/?p=7929"},"modified":"2023-08-22T16:22:32","modified_gmt":"2023-08-22T14:22:32","slug":"st-agnes-gymnasium-fuer-maedchen-in-stuttgart","status":"publish","type":"post","link":"https:\/\/www.lkjbw.de\/blog\/2023\/07\/st-agnes-gymnasium-fuer-maedchen-in-stuttgart\/","title":{"rendered":"St. Agnes Gymnasium f\u00fcr M\u00e4dchen in Stuttgart"},"content":{"rendered":"<div class=\"wp-block-image\">\n<figure class=\"alignright size-medium\"><img loading=\"lazy\" width=\"300\" height=\"200\" src=\"https:\/\/www.lkjbw.de\/blog\/wp-content\/uploads\/2023\/08\/DSC_0028-300x200.jpg\" alt=\"\" class=\"wp-image-7931 colorbox-7929\" srcset=\"https:\/\/www.lkjbw.de\/blog\/wp-content\/uploads\/2023\/08\/DSC_0028-300x200.jpg 300w, https:\/\/www.lkjbw.de\/blog\/wp-content\/uploads\/2023\/08\/DSC_0028-1024x683.jpg 1024w, https:\/\/www.lkjbw.de\/blog\/wp-content\/uploads\/2023\/08\/DSC_0028-1536x1024.jpg 1536w, https:\/\/www.lkjbw.de\/blog\/wp-content\/uploads\/2023\/08\/DSC_0028-2048x1365.jpg 2048w, https:\/\/www.lkjbw.de\/blog\/wp-content\/uploads\/2023\/08\/DSC_0028-345x230.jpg 345w, https:\/\/www.lkjbw.de\/blog\/wp-content\/uploads\/2023\/08\/DSC_0028-250x167.jpg 250w, https:\/\/www.lkjbw.de\/blog\/wp-content\/uploads\/2023\/08\/DSC_0028-300x200@2x.jpg 600w\" sizes=\"(max-width: 300px) 100vw, 300px\" \/><\/figure><\/div>\n\n\n<p>Zu den Projekttagen kurz vor den Sommerferien war unser Radioprojekt nochmal zu Besuch in Stuttgart wo eine komplett weibliche Gruppe unsere Medienreferenten freudig erwartete. \u00a0Die Schule und vor allem die begleitende Lehrerin ist was die Mediennutzung insbesondere auditive Medien sehr versiert. So waren bereits Themen angedacht, R\u00e4ume vorbereitet und schuleigene Technik bereitgestellt.<\/p>\n\n\n<div class=\"wp-block-image\">\n<figure class=\"alignleft size-medium\"><img loading=\"lazy\" width=\"300\" height=\"200\" src=\"https:\/\/www.lkjbw.de\/blog\/wp-content\/uploads\/2023\/08\/DSC_0007-300x200.jpg\" alt=\"\" class=\"wp-image-7930 colorbox-7929\" srcset=\"https:\/\/www.lkjbw.de\/blog\/wp-content\/uploads\/2023\/08\/DSC_0007-300x200.jpg 300w, https:\/\/www.lkjbw.de\/blog\/wp-content\/uploads\/2023\/08\/DSC_0007-1024x683.jpg 1024w, https:\/\/www.lkjbw.de\/blog\/wp-content\/uploads\/2023\/08\/DSC_0007-1536x1024.jpg 1536w, https:\/\/www.lkjbw.de\/blog\/wp-content\/uploads\/2023\/08\/DSC_0007-2048x1365.jpg 2048w, https:\/\/www.lkjbw.de\/blog\/wp-content\/uploads\/2023\/08\/DSC_0007-345x230.jpg 345w, https:\/\/www.lkjbw.de\/blog\/wp-content\/uploads\/2023\/08\/DSC_0007-250x167.jpg 250w, https:\/\/www.lkjbw.de\/blog\/wp-content\/uploads\/2023\/08\/DSC_0007-300x200@2x.jpg 600w\" sizes=\"(max-width: 300px) 100vw, 300px\" \/><\/figure><\/div>\n\n\n<p>So erwarten unsere Referenten zwei sehr produktive und sch\u00f6ne Tage. Die Auswahl der Themen und Qualit\u00e4t der Ergebnisse zeigt auch, mit welchem Engagement, Flei\u00df und Mut die Teilnehmerinnen an die Sache gingen. So entstanden f\u00fcnf tolle Beitr\u00e4ge zu den verschiedensten Themen aus der Lebendwelt der jungen Teilnehmenden.<\/p>\n\n\n\n<p><\/p>\n\n\n\n<p>Alle Beitr\u00e4ge zum nachh\u00f6ren findet ihr hier:<\/p>\n\n\n\n<h3>1. Freizeit mit G8 bzw. G9<\/h3>\n\n\n\n<p>Vor lauter Unterricht, Lernen und Mittagsschule haben Sch\u00fcler*innen, die mit G8 auf dem Weg zum Abitur sind, fast keine Freizeit mehr. So zumindest empfinden sie es. War das fr\u00fcher, als noch G9 f\u00fcr alle galt, anders? Und besser? Und w\u00fcnschen sich Sch\u00fclerinnen und Sch\u00fcler G9 zur\u00fcck? Was sagen und raten die \u00c4lteren? In diesem Beitrag werden verschiedene Aspekte der Diskussion beleuchtet und unterschiedliche Positionen vorgestellt.<\/p>\n\n\n\n<figure class=\"wp-block-audio\"><audio controls src=\"https:\/\/www.lkjbw.de\/blog\/wp-content\/uploads\/2023\/08\/Beitrag_Freizeit_fertig.mp3\"><\/audio><\/figure>\n\n\n\n<h3>2. Challenges<\/h3>\n\n\n\n<p>Es gab einmal eine Zeit, da sch\u00fctteten sich erwachsene Menschen (und darunter nicht wenige Prominente) Eimer mit Eiswasser \u00fcber die K\u00f6pfe. <em>Ice Bucket Challenge<\/em> nannte sich das und kam \u2013 wie sollte es auch anders sein? \u2013 aus den Sozialen Netzwerken. Seit damals sind die Challenges nicht weniger geworden, im Gegenteil. In ihrem Umfragebeitrag hat die Gruppe Menschen dar\u00fcber befragt, welche Challenges sie kennen, ob sie sich schon mal selbst an einer beteiligt haben und was die Faszination dieser sonderbaren (und manchmal lebensgef\u00e4hrlichen) Freizeitbesch\u00e4ftigung ausmacht.<\/p>\n\n\n\n<figure class=\"wp-block-audio\"><audio controls src=\"https:\/\/www.lkjbw.de\/blog\/wp-content\/uploads\/2023\/08\/Beitrag_Challenge_fertig.mp3\"><\/audio><\/figure>\n\n\n\n<h3>3. L\u00e4stern<\/h3>\n\n\n\n<p>Wir alle haben es schon getan oder tun es regelm\u00e4\u00dfig \u2013 l\u00e4stern. Es scheint ein ganz normales menschliches Bed\u00fcrfnis zu sein, manchmal schlecht \u00fcber andere Menschen zu reden, und zwar hinter deren R\u00fccken. Gef\u00e4hrlich und grausam wird es allerdings, wenn das L\u00e4stern die Grenze zum Mobbing ausartet und ernsten Schaden anrichtet. Der Beitrag, in dem unterschiedliche Menschen zu Wort kommen, versucht zu ergr\u00fcnden, weshalb wir alle so gerne l\u00e4stern und wo die Grenze zwischen harmlosem und sch\u00e4dlichem L\u00e4stern verl\u00e4uft.<\/p>\n\n\n\n<figure class=\"wp-block-audio\"><audio controls src=\"https:\/\/www.lkjbw.de\/blog\/wp-content\/uploads\/2023\/08\/Beitrag_Laestern_fertig.mp3\"><\/audio><\/figure>\n\n\n\n<h3>4. Mode<\/h3>\n\n\n\n<p>Wenn wir uns Klamotten kaufen oder am Morgen vor unserem Kleiderschrank stehen \u2013 suchen wir uns da diejenigen St\u00fccke aus, die am besten zu unserer Pers\u00f6nlichkeit passen? Oder diejenigen, die wir am bequemsten finden? Oder lassen wir uns von Trends leiten? Und wer ist denn eigentlich f\u00fcr diese Trends verantwortlich? Der Beitrag versucht diesen Fragen auf die Spur zu kommen und gleichzeitig zu kl\u00e4ren, welche die Trends des Jahres 2023 sind<\/p>\n\n\n\n<figure class=\"wp-block-audio\"><audio controls src=\"https:\/\/www.lkjbw.de\/blog\/wp-content\/uploads\/2023\/08\/Beitrag_Mode_fertig.mp3\"><\/audio><\/figure>\n\n\n\n<h3>5. Umweltschutz<\/h3>\n\n\n\n<p>Alle wollen mehr Umweltschutz, vor allem angesichts des Klimawandels, den wir im Sommer 2023 bereits richtig zu sp\u00fcren bekommen. Aber Umweltschutz vom Staat oder von gro\u00dfen Firmen zu fordern ist das Eine, ihn selbst zu praktizieren ist das Andere. Denn Umweltschutz im Kleinen bedeutet: weniger Bequemlichkeit, mehr Verzicht und das Infragestellen von Gewohnheiten.<\/p>\n\n\n\n<figure class=\"wp-block-audio\"><audio controls src=\"https:\/\/www.lkjbw.de\/blog\/wp-content\/uploads\/2023\/08\/Umwelt-fertig.mp3\"><\/audio><\/figure>\n","protected":false},"excerpt":{"rendered":"<p>Zu den Projekttagen kurz vor den Sommerferien war unser Radioprojekt nochmal zu Besuch in Stuttgart wo eine komplett weibliche Gruppe unsere Medienreferenten freudig erwartete. \u00a0Die Schule und vor allem die begleitende Lehrerin ist was die Mediennutzung insbesondere auditive Medien sehr versiert. So waren bereits Themen angedacht, R\u00e4ume vorbereitet und schuleigene Technik bereitgestellt. So erwarten unsere&#8230; <a class=\"moretag\" href=\"https:\/\/www.lkjbw.de\/blog\/2023\/07\/st-agnes-gymnasium-fuer-maedchen-in-stuttgart\/\"> weiterlesen &raquo;<\/a><\/p>\n","protected":false},"author":16,"featured_media":7930,"comment_status":"closed","ping_status":"closed","sticky":false,"template":"","format":"standard","meta":[],"categories":[1],"tags":[],"_links":{"self":[{"href":"https:\/\/www.lkjbw.de\/blog\/wp-json\/wp\/v2\/posts\/7929"}],"collection":[{"href":"https:\/\/www.lkjbw.de\/blog\/wp-json\/wp\/v2\/posts"}],"about":[{"href":"https:\/\/www.lkjbw.de\/blog\/wp-json\/wp\/v2\/types\/post"}],"author":[{"embeddable":true,"href":"https:\/\/www.lkjbw.de\/blog\/wp-json\/wp\/v2\/users\/16"}],"replies":[{"embeddable":true,"href":"https:\/\/www.lkjbw.de\/blog\/wp-json\/wp\/v2\/comments?post=7929"}],"version-history":[{"count":2,"href":"https:\/\/www.lkjbw.de\/blog\/wp-json\/wp\/v2\/posts\/7929\/revisions"}],"predecessor-version":[{"id":7938,"href":"https:\/\/www.lkjbw.de\/blog\/wp-json\/wp\/v2\/posts\/7929\/revisions\/7938"}],"wp:featuredmedia":[{"embeddable":true,"href":"https:\/\/www.lkjbw.de\/blog\/wp-json\/wp\/v2\/media\/7930"}],"wp:attachment":[{"href":"https:\/\/www.lkjbw.de\/blog\/wp-json\/wp\/v2\/media?parent=7929"}],"wp:term":[{"taxonomy":"category","embeddable":true,"href":"https:\/\/www.lkjbw.de\/blog\/wp-json\/wp\/v2\/categories?post=7929"},{"taxonomy":"post_tag","embeddable":true,"href":"https:\/\/www.lkjbw.de\/blog\/wp-json\/wp\/v2\/tags?post=7929"}],"curies":[{"name":"wp","href":"https:\/\/api.w.org\/{rel}","templated":true}]}}