{"id":8248,"date":"2024-05-07T16:56:00","date_gmt":"2024-05-07T14:56:00","guid":{"rendered":"https:\/\/www.lkjbw.de\/blog\/?p=8248"},"modified":"2024-06-05T13:54:56","modified_gmt":"2024-06-05T11:54:56","slug":"konrad-witz-schule-rottweil","status":"publish","type":"post","link":"https:\/\/www.lkjbw.de\/blog\/2024\/05\/konrad-witz-schule-rottweil\/","title":{"rendered":"Konrad-Witz-Schule Rottweil"},"content":{"rendered":"<div class=\"wp-block-image\">\n<figure class=\"alignleft size-medium\"><img loading=\"lazy\" width=\"300\" height=\"218\" src=\"https:\/\/www.lkjbw.de\/blog\/wp-content\/uploads\/2024\/06\/Konrad_Witz-Schule-300x218.png\" alt=\"Ein Profil aus der fiktiven ImPerfect App. Auf dem Beitragsbild ist ein M\u00e4dchen auf einem Planeten zu sehen\" class=\"wp-image-8250 colorbox-8248\" srcset=\"https:\/\/www.lkjbw.de\/blog\/wp-content\/uploads\/2024\/06\/Konrad_Witz-Schule-300x218.png 300w, https:\/\/www.lkjbw.de\/blog\/wp-content\/uploads\/2024\/06\/Konrad_Witz-Schule-1024x745.png 1024w, https:\/\/www.lkjbw.de\/blog\/wp-content\/uploads\/2024\/06\/Konrad_Witz-Schule-1536x1117.png 1536w, https:\/\/www.lkjbw.de\/blog\/wp-content\/uploads\/2024\/06\/Konrad_Witz-Schule-241x175.png 241w, https:\/\/www.lkjbw.de\/blog\/wp-content\/uploads\/2024\/06\/Konrad_Witz-Schule.png 2000w, https:\/\/www.lkjbw.de\/blog\/wp-content\/uploads\/2024\/06\/Konrad_Witz-Schule-300x218@2x.png 600w\" sizes=\"(max-width: 300px) 100vw, 300px\" \/><\/figure><\/div>\n\n\n<p>An der Konrad-Witz-Schule in Rottweil war ImPerfect Anfang Mai zu Gast. Bei einem ersten Kennenlernen erz\u00e4hlten die Sch\u00fcler*innen, welche Social Media Apps sie auf welche Art und Weise nutzen und was sie im Internet von sich preisgeben. Im Anschluss daran gab es einen Input zum Thema Social Media und Selbstdarstellung, bei dem die Jugendlichen ihr Wissen und ihre Erfahrungen teilten. Beim theoretischen Teil arbeiteten die Sch\u00fcler*innen sehr gut mit und hatten Spa\u00df an der spielerischen Einf\u00fchrung in das Workshopthema.<\/p>\n\n\n<div class=\"wp-block-image\">\n<figure class=\"alignright size-medium\"><img loading=\"lazy\" width=\"300\" height=\"218\" src=\"https:\/\/www.lkjbw.de\/blog\/wp-content\/uploads\/2024\/06\/Konrad_Witz-Schule2-300x218.png\" alt=\"Ein Profil aus der fiktiven ImPerfect App. Auf dem Beitragsbild ist ein an einem Fallschirm\" class=\"wp-image-8253 colorbox-8248\" srcset=\"https:\/\/www.lkjbw.de\/blog\/wp-content\/uploads\/2024\/06\/Konrad_Witz-Schule2-300x218.png 300w, https:\/\/www.lkjbw.de\/blog\/wp-content\/uploads\/2024\/06\/Konrad_Witz-Schule2-1024x745.png 1024w, https:\/\/www.lkjbw.de\/blog\/wp-content\/uploads\/2024\/06\/Konrad_Witz-Schule2-1536x1117.png 1536w, https:\/\/www.lkjbw.de\/blog\/wp-content\/uploads\/2024\/06\/Konrad_Witz-Schule2-241x175.png 241w, https:\/\/www.lkjbw.de\/blog\/wp-content\/uploads\/2024\/06\/Konrad_Witz-Schule2.png 2000w, https:\/\/www.lkjbw.de\/blog\/wp-content\/uploads\/2024\/06\/Konrad_Witz-Schule2-300x218@2x.png 600w\" sizes=\"(max-width: 300px) 100vw, 300px\" \/><\/figure><\/div>\n\n\n<p>Alle Teilnehmenden fanden bei der Ideenfindung Dinge, die sie gut k\u00f6nnen oder Orte, an denen sie gerne w\u00e4ren. Auch Berufsw\u00fcnsche, wie Modedesigner*in, wurde miteinbezogen. Nachdem die Teilnehmenden gegenseitig von sich Profilbilder gemacht hatte, gab es eine \u00dcbung zur Bildbearbeitungsapp. Abschlie\u00dfend wurde noch \u00fcber Urheberrechte gesprochen.<\/p>\n\n\n\n<p>Am zweiten Tag wurde noch mal einiges vom Vortag wiederholt, wobei die ganze Gruppe sehr motiviert war. Anschlie\u00dfend wurden Fotos gemacht, die die Jugendlichen auf Tablets bearbeiteten. Diese Fotos f\u00fcgten die Sch\u00fcler*innen samt Beschreibungstexten in die fiktive ImPerfect-App ein. Am Ende hatten alle einen spannenden Workshop und reflektierten und hinterfragten ihren Social-Media-Konsum.<\/p>\n\n\n\n<p><\/p>\n","protected":false},"excerpt":{"rendered":"<p>An der Konrad-Witz-Schule in Rottweil war ImPerfect Anfang Mai zu Gast. Bei einem ersten Kennenlernen erz\u00e4hlten die Sch\u00fcler*innen, welche Social Media Apps sie auf welche Art und Weise nutzen und was sie im Internet von sich preisgeben. Im Anschluss daran gab es einen Input zum Thema Social Media und Selbstdarstellung, bei dem die Jugendlichen ihr&#8230; <a class=\"moretag\" href=\"https:\/\/www.lkjbw.de\/blog\/2024\/05\/konrad-witz-schule-rottweil\/\"> weiterlesen &raquo;<\/a><\/p>\n","protected":false},"author":17,"featured_media":8250,"comment_status":"closed","ping_status":"closed","sticky":false,"template":"","format":"standard","meta":[],"categories":[39],"tags":[],"_links":{"self":[{"href":"https:\/\/www.lkjbw.de\/blog\/wp-json\/wp\/v2\/posts\/8248"}],"collection":[{"href":"https:\/\/www.lkjbw.de\/blog\/wp-json\/wp\/v2\/posts"}],"about":[{"href":"https:\/\/www.lkjbw.de\/blog\/wp-json\/wp\/v2\/types\/post"}],"author":[{"embeddable":true,"href":"https:\/\/www.lkjbw.de\/blog\/wp-json\/wp\/v2\/users\/17"}],"replies":[{"embeddable":true,"href":"https:\/\/www.lkjbw.de\/blog\/wp-json\/wp\/v2\/comments?post=8248"}],"version-history":[{"count":5,"href":"https:\/\/www.lkjbw.de\/blog\/wp-json\/wp\/v2\/posts\/8248\/revisions"}],"predecessor-version":[{"id":8255,"href":"https:\/\/www.lkjbw.de\/blog\/wp-json\/wp\/v2\/posts\/8248\/revisions\/8255"}],"wp:featuredmedia":[{"embeddable":true,"href":"https:\/\/www.lkjbw.de\/blog\/wp-json\/wp\/v2\/media\/8250"}],"wp:attachment":[{"href":"https:\/\/www.lkjbw.de\/blog\/wp-json\/wp\/v2\/media?parent=8248"}],"wp:term":[{"taxonomy":"category","embeddable":true,"href":"https:\/\/www.lkjbw.de\/blog\/wp-json\/wp\/v2\/categories?post=8248"},{"taxonomy":"post_tag","embeddable":true,"href":"https:\/\/www.lkjbw.de\/blog\/wp-json\/wp\/v2\/tags?post=8248"}],"curies":[{"name":"wp","href":"https:\/\/api.w.org\/{rel}","templated":true}]}}