{"id":8306,"date":"2024-06-04T16:07:00","date_gmt":"2024-06-04T14:07:00","guid":{"rendered":"https:\/\/www.lkjbw.de\/blog\/?p=8306"},"modified":"2024-06-19T16:39:39","modified_gmt":"2024-06-19T14:39:39","slug":"goldberggymnasium-sindelfingen","status":"publish","type":"post","link":"https:\/\/www.lkjbw.de\/blog\/2024\/06\/goldberggymnasium-sindelfingen\/","title":{"rendered":"Goldberggymnasium Sindelfingen"},"content":{"rendered":"\n<p>Gegen Ende des Schuljahres sind die Medienprojekte der LKJ an Schulen besonders beliebt. <\/p>\n\n\n\n<p>Und so starteten unsere beiden Medienreferenten Albrecht und Tilman den vollen Juni mit einem &#8222;Radio im Klassenzimmer&#8220; in Sindelfingen in einer achten Klasse mit 32 Sch\u00fclerinnen und Sch\u00fclern. Nach einer kleinen Redaktionskonferenz mit einem Kennenlernen und  Infos zum Thema ging es f\u00fcr manche Gruppen auf die Stra\u00dfe zum Stimmenfang, andere recherchierten und schrieben Texte oder machten sich mit der Technik vertraut. <\/p>\n\n\n<div class=\"wp-block-image\">\n<figure class=\"alignleft size-medium\"><img loading=\"lazy\" width=\"300\" height=\"200\" src=\"https:\/\/www.lkjbw.de\/blog\/wp-content\/uploads\/2024\/06\/DSC_0099-300x200.jpg\" alt=\"Vier Sch\u00fclerinnen stehen mit einem Mann mit wei\u00dfem Haar auf der Stra\u00dfe gegen\u00fcber und schauen ihn freundlich an. Eine von ihnen H\u00e4lt dem Mann ein Aufnahmeger\u00e4t entgegen in das er zu spricht.\" class=\"wp-image-8307 colorbox-8306\" srcset=\"https:\/\/www.lkjbw.de\/blog\/wp-content\/uploads\/2024\/06\/DSC_0099-300x200.jpg 300w, https:\/\/www.lkjbw.de\/blog\/wp-content\/uploads\/2024\/06\/DSC_0099-1024x683.jpg 1024w, https:\/\/www.lkjbw.de\/blog\/wp-content\/uploads\/2024\/06\/DSC_0099-1536x1024.jpg 1536w, https:\/\/www.lkjbw.de\/blog\/wp-content\/uploads\/2024\/06\/DSC_0099-2048x1365.jpg 2048w, https:\/\/www.lkjbw.de\/blog\/wp-content\/uploads\/2024\/06\/DSC_0099-345x230.jpg 345w, https:\/\/www.lkjbw.de\/blog\/wp-content\/uploads\/2024\/06\/DSC_0099-250x167.jpg 250w, https:\/\/www.lkjbw.de\/blog\/wp-content\/uploads\/2024\/06\/DSC_0099-300x200@2x.jpg 600w\" sizes=\"(max-width: 300px) 100vw, 300px\" \/><\/figure><\/div>\n\n\n<p>Dabei entstanden eigene Radiobeitr\u00e4ge zu unglaublich unterschiedlichen Themen &#8211; Traumberufe, die Fu\u00dfball-EM, die Europawahl, Mode, Rekorde, Stressfaktoren im Schulsystem und die letzte Generation. Die F\u00fclle und Art wie die jugendlichen die selbstgew\u00e4hlten Themen unter professioneller Anleitung bearbeitet und auditiv aufbereitet haben, ist wirklich wieder beeindruckend und absolut h\u00f6renswert. <\/p>\n\n\n\n<p>Darum genug der Worte und Ton ab:<\/p>\n\n\n\n<p><\/p>\n\n\n\n<h3>1. Traumberuf<\/h3>\n\n\n\n<p>Kleine Kinder wollen oft Feuerwehrmann*frau werden oder tr\u00e4umen davon, ihr Leben als Prinz oder Prinzessin zu verbringen. Aber auch wenn sich die W\u00fcnsche nicht an diesen fast schon klischeehaften Vorstellungen orientieren, hat der Beruf, den man tats\u00e4chlich aus\u00fcbt, oft&nbsp; nichts oder nur sehr wenig mit der kindlichen Wunschvorstellung zu tun. In dieser Umfrage erz\u00e4hlen Menschen, welchen Beruf sie sich als Kind gew\u00fcnscht haben, was daraus geworden ist \u2013 und auf was es im Berufsleben wirklich ankommt, bzw. welche sch\u00f6nen\/interessanten Dinge sie schon erlebt haben.<\/p>\n\n\n\n<figure class=\"wp-block-audio\"><audio controls src=\"https:\/\/www.lkjbw.de\/blog\/wp-content\/uploads\/2024\/06\/Beitrag_Traumberuf_fertig.mp3\"><\/audio><\/figure>\n\n\n\n<h3>2. Fu\u00dfball-EM<\/h3>\n\n\n\n<p>Bei den letzten internationalen Fu\u00dfball-Turnieren war es nicht immer eine Freude, der deutschen Nationalmannschaft zuzuschauen. Ganz abgesehen davon, dass an Titelgewinne nicht einmal zu denken war. Bei der bevorstehenden Europameisterschaft soll alles ganz anders werden. Aber welche Chancen auf den Titelgewinn hat die deutsche Mannschaft nun? Wer wird am Ende das Rennen machen? Und f\u00fcr welche Mannschaft schlagen denn die Herzen? In dieser Umfrage werden solche Fragen beantwortet.<\/p>\n\n\n\n<figure class=\"wp-block-audio\"><audio controls src=\"https:\/\/www.lkjbw.de\/blog\/wp-content\/uploads\/2024\/06\/Beitrag-Fussball-EM.mp3\"><\/audio><\/figure>\n\n\n\n<h3>3. Europawahl<\/h3>\n\n\n\n<p>Am 9. Juni 2024 ist Europawahl \u2013 und viele Jugendliche ab 16 Jahren d\u00fcrfen bei dieser Wahl zum ersten Mal ein Kreuz machen. Nach welchen Kriterien findet man die Partei, die zu einem passt? Mit Hilfe vom <em>Wahl-O-Mat<\/em>? Oder sind ganz andere Dinge ausschlaggebend? In diesem Beitrag erz\u00e4hlen unterschiedliche Menschen, nach welchen Kriterien sie w\u00e4hlen und ob sie unser politisches System durch demokratiefeindliche Tendenzen gef\u00e4hrdet sehen.<\/p>\n\n\n\n<figure class=\"wp-block-audio\"><audio controls src=\"https:\/\/www.lkjbw.de\/blog\/wp-content\/uploads\/2024\/06\/Beitrag_Wahlen_fertig.mp3\"><\/audio><\/figure>\n\n\n\n<h3>4. Mode<\/h3>\n\n\n\n<p><em>Kleider machen Leute<\/em>. So lautet zumindest das Sprichwort. Doch stimmt das? Und ist es sinnvoll, Menschen nach ihrem \u00c4u\u00dferen zu beurteilen? Und wie finden wir unseren Stil, was Kleidung und Aussehen anbelangt? Mit diesen Fragestellungen besch\u00e4ftigt sich dieser Beitrag und l\u00e4sst dabei unterschiedliche Menschen mit sehr unterschiedlichen Meinungen zu Wort kommen.<\/p>\n\n\n\n<figure class=\"wp-block-audio\"><audio controls src=\"https:\/\/www.lkjbw.de\/blog\/wp-content\/uploads\/2024\/06\/Beitrag_Mode_fertig.mp3\"><\/audio><\/figure>\n\n\n\n<h3>5. Rekorde<\/h3>\n\n\n\n<p>Wie viele Menschen passen in einen <em>Smart<\/em>? Wie lange dauerte das l\u00e4ngste Klavierspiel aller Zeiten? Tja, das sind sicherlich keine weltbewegenden Fragen. Zumindest normalerweise nicht. Aber in der Welt der Rekorde schon. Im <em>Guinness Buch der Rekorde<\/em> sind seit Jahrzehnten die erstaunlichsten und verr\u00fccktesten H\u00f6chstleistungen und Bestmarken verzeichnet. In diesem Beitrag darf mitgeraten werden \u2013 und die Aufl\u00f6sung gibt\u2019s nat\u00fcrlich immer noch dazu.<\/p>\n\n\n\n<figure class=\"wp-block-audio\"><audio controls src=\"https:\/\/www.lkjbw.de\/blog\/wp-content\/uploads\/2024\/06\/Beitrag_Rekorde_fertig.mp3\"><\/audio><\/figure>\n\n\n\n<h3>6. Stressfaktoren im Schulsystem<\/h3>\n\n\n\n<p>Brauchen wir in der Schule Noten? Oder sind sie nur eines der Elemente, die Sch\u00fclerinnen und Sch\u00fcler unn\u00f6tig unter Druck setzen, stressen oder sogar krank machen? Dieser Beitrag will untersuchen, ob das Schulsystem wirklich seinem Auftrag gerecht wird, Sch\u00fcler*innen aufs Leben vorzubereiten \u2013 oder von ganz falschen Voraussetzungen ausgeht und mit ganz falschen Mitteln arbeitet.<\/p>\n\n\n\n<figure class=\"wp-block-audio\"><audio controls src=\"https:\/\/www.lkjbw.de\/blog\/wp-content\/uploads\/2024\/06\/Beitrg-Schulsystem.mp3\"><\/audio><\/figure>\n\n\n\n<h3>7. Letzte Generation \/ Klimakleber<\/h3>\n\n\n\n<p>Seit mittlerweile zwei Jahren machen Aktivist*innen der <em>Letzten Generation<\/em> durch spektakul\u00e4re Aktionen auf sich aufmerksam, indem sie sich zum Beispiel an der Stra\u00dfe festkleben und damit den Autoverkehr blockieren. Diese Aktionen haben der Bewegung den Beinamen <em>Klimakleber<\/em> eingebracht und f\u00fcr sehr unterschiedliche Reaktionen und Meinungen gesorgt. In dieser Umfrage bekommen diese Meinungen Platz: sind die Aktionen der Letzten Generation positiv, weil sie Aufmerksamkeit erregen? Oder bewirken sie das Gegenteil, weil es sich haupts\u00e4chlich um negative Aufmerksamkeit handelt?<\/p>\n\n\n\n<figure class=\"wp-block-audio\"><audio controls src=\"https:\/\/www.lkjbw.de\/blog\/wp-content\/uploads\/2024\/06\/Beitrag_Klimakleber_fertig.mp3\"><\/audio><\/figure>\n","protected":false},"excerpt":{"rendered":"<p>Gegen Ende des Schuljahres sind die Medienprojekte der LKJ an Schulen besonders beliebt. Und so starteten unsere beiden Medienreferenten Albrecht und Tilman den vollen Juni mit einem &#8222;Radio im Klassenzimmer&#8220; in Sindelfingen in einer achten Klasse mit 32 Sch\u00fclerinnen und Sch\u00fclern. Nach einer kleinen Redaktionskonferenz mit einem Kennenlernen und Infos zum Thema ging es f\u00fcr&#8230; <a class=\"moretag\" href=\"https:\/\/www.lkjbw.de\/blog\/2024\/06\/goldberggymnasium-sindelfingen\/\"> weiterlesen &raquo;<\/a><\/p>\n","protected":false},"author":16,"featured_media":8307,"comment_status":"closed","ping_status":"closed","sticky":false,"template":"","format":"standard","meta":[],"categories":[1],"tags":[],"_links":{"self":[{"href":"https:\/\/www.lkjbw.de\/blog\/wp-json\/wp\/v2\/posts\/8306"}],"collection":[{"href":"https:\/\/www.lkjbw.de\/blog\/wp-json\/wp\/v2\/posts"}],"about":[{"href":"https:\/\/www.lkjbw.de\/blog\/wp-json\/wp\/v2\/types\/post"}],"author":[{"embeddable":true,"href":"https:\/\/www.lkjbw.de\/blog\/wp-json\/wp\/v2\/users\/16"}],"replies":[{"embeddable":true,"href":"https:\/\/www.lkjbw.de\/blog\/wp-json\/wp\/v2\/comments?post=8306"}],"version-history":[{"count":2,"href":"https:\/\/www.lkjbw.de\/blog\/wp-json\/wp\/v2\/posts\/8306\/revisions"}],"predecessor-version":[{"id":8316,"href":"https:\/\/www.lkjbw.de\/blog\/wp-json\/wp\/v2\/posts\/8306\/revisions\/8316"}],"wp:featuredmedia":[{"embeddable":true,"href":"https:\/\/www.lkjbw.de\/blog\/wp-json\/wp\/v2\/media\/8307"}],"wp:attachment":[{"href":"https:\/\/www.lkjbw.de\/blog\/wp-json\/wp\/v2\/media?parent=8306"}],"wp:term":[{"taxonomy":"category","embeddable":true,"href":"https:\/\/www.lkjbw.de\/blog\/wp-json\/wp\/v2\/categories?post=8306"},{"taxonomy":"post_tag","embeddable":true,"href":"https:\/\/www.lkjbw.de\/blog\/wp-json\/wp\/v2\/tags?post=8306"}],"curies":[{"name":"wp","href":"https:\/\/api.w.org\/{rel}","templated":true}]}}