{"id":8891,"date":"2025-04-29T14:26:00","date_gmt":"2025-04-29T12:26:00","guid":{"rendered":"https:\/\/www.lkjbw.de\/blog\/?p=8891"},"modified":"2025-05-26T14:30:10","modified_gmt":"2025-05-26T12:30:10","slug":"albertus-magnus-gymnasium-ettlingen-2","status":"publish","type":"post","link":"https:\/\/www.lkjbw.de\/blog\/2025\/04\/albertus-magnus-gymnasium-ettlingen-2\/","title":{"rendered":"Albertus-Magnus-Gymnasium Ettlingen"},"content":{"rendered":"\n<p>Den Startschuss des Medienprojektes \u201eRadio im Klassenzimmer\u201c machte im April 2025 das Albertus-Magnus-Gymnasium in Ettlingen wo eine sehr engagierte Lehrkraft und 24 Sch\u00fcler*innen der achten Klasse unsere beiden Medienreferenten empfingen. Nach der gemeinsamen Redaktionssitzung, in der alles rund ums Radio mit seinen verschiedenen Beitragsformen besprochen und Technisches gekl\u00e4rt wurde, gingen die Jugendlichen in sieben Kleingruppen zusammen und begannen die Arbeit am eigenen Beitrag.<\/p>\n\n\n<div class=\"wp-block-image\">\n<figure class=\"alignright size-medium\"><img loading=\"lazy\" width=\"300\" height=\"225\" src=\"https:\/\/www.lkjbw.de\/blog\/wp-content\/uploads\/2025\/05\/RiK-25-1-Ettlingen-1-300x225.jpg\" alt=\"\" class=\"wp-image-8900 colorbox-8891\" srcset=\"https:\/\/www.lkjbw.de\/blog\/wp-content\/uploads\/2025\/05\/RiK-25-1-Ettlingen-1-300x225.jpg 300w, https:\/\/www.lkjbw.de\/blog\/wp-content\/uploads\/2025\/05\/RiK-25-1-Ettlingen-1-1024x768.jpg 1024w, https:\/\/www.lkjbw.de\/blog\/wp-content\/uploads\/2025\/05\/RiK-25-1-Ettlingen-1-1536x1152.jpg 1536w, https:\/\/www.lkjbw.de\/blog\/wp-content\/uploads\/2025\/05\/RiK-25-1-Ettlingen-1-2048x1536.jpg 2048w, https:\/\/www.lkjbw.de\/blog\/wp-content\/uploads\/2025\/05\/RiK-25-1-Ettlingen-1-233x175.jpg 233w, https:\/\/www.lkjbw.de\/blog\/wp-content\/uploads\/2025\/05\/RiK-25-1-Ettlingen-1-300x225@2x.jpg 600w\" sizes=\"(max-width: 300px) 100vw, 300px\" \/><\/figure><\/div>\n\n\n<p>Die dabei behandelten Themen waren dabei wieder so unterschiedlich wie die Jugendlichen selbst. Dabei zeigen sich aber auch wie immer klassische Trends und Bereiche ab, die jungen Menschen heute besch\u00e4ftigen: Soziale Medien, Fu\u00dfball, Alkoholkonsum, Ern\u00e4hrung, Trends und das Klima. Alle Themen wurden mit journalistischer Pr\u00e4zision behandelt, viele verschiedene Stimmen und Meinungen kommen zu Wort und die klaren An- und Abmoderationen machen die Beitr\u00e4ge rund und sehr professionell.<\/p>\n\n\n\n<p>Hier alle Beitr\u00e4ge zum Anh\u00f6ren:<\/p>\n\n\n\n<h2><\/h2>\n\n\n\n<h3>1. Fu\u00dfball \u2013 Champions League<\/h3>\n\n\n\n<p>Die Fu\u00dfball-Bundesliga-Saison geht derzeit in ihre Schlussphase. Was die Meisterschaft anbelangt, ist eigentlich schon alles entschieden. Aber spannend kann es noch einmal werden, wenn es darum geht, wer sich die begehrten Pl\u00e4tze erk\u00e4mpft, die zur Teilnahme an der Champions-League berechtigen. Welche Mannschaften h\u00e4tten es denn am meisten verdient, sich f\u00fcr die K\u00f6nigsklasse zu qualifizieren?<\/p>\n\n\n\n<figure class=\"wp-block-audio\"><audio controls src=\"https:\/\/www.lkjbw.de\/blog\/wp-content\/uploads\/2025\/05\/Champions-League1.mp3\"><\/audio><\/figure>\n\n\n\n<h3>2. Alkoholkonsum bei Jugendlichen<\/h3>\n\n\n\n<p>Die meisten Jugendlichen machen im Teenageralter erste Erfahrungen mit dem Alkohol. Statt einer Cola trinkt man nun auf der Party ein Bier oder einen Wein \u2013 vielleicht sogar etwas, das wesentlich st\u00e4rker ist. Doch wann wird getrunken und wie viel? Und f\u00fchrt Alkohol vielleicht manchmal nicht nur dazu, dass man sich gut f\u00fchlt und ein bisschen erwachsen, sondern auch zu negativen Begleiterscheinungen? Mit diesen Fragen besch\u00e4ftigt sich diese Umfrage.<\/p>\n\n\n\n<figure class=\"wp-block-audio\"><audio controls src=\"https:\/\/www.lkjbw.de\/blog\/wp-content\/uploads\/2025\/05\/Alkoholkonsum-bei-Jugendlichen1.mp3\"><\/audio><\/figure>\n\n\n\n<h3>3. Handy oder Sport<\/h3>\n\n\n\n<p>Den Nachmittag am Smartphone verbringen, vielleicht beim Daddeln oder in den Sozialen Netzwerken? Oder doch lieber auf den Fu\u00dfballplatz gehen, ins Gym oder auf die Joggingstrecke? Oder einen ausgedehnten Spaziergang machen? In dieser Umfrage kommen Jugendliche und Senioren zu Wort, die erz\u00e4hlen, in welchem Verh\u00e4ltnis Sport und Handy in ihrer Freizeitgestaltung stehen. Und worauf sie eher verzichten k\u00f6nnten.<\/p>\n\n\n\n<figure class=\"wp-block-audio\"><audio controls src=\"https:\/\/www.lkjbw.de\/blog\/wp-content\/uploads\/2025\/05\/Handy-oder-Sport1.mp3\"><\/audio><\/figure>\n\n\n\n<h3>4. Der Einfluss der Influencer<\/h3>\n\n\n\n<p>Influencer sind f\u00fcr die meisten Jugendliche ganz selbstverst\u00e4ndliche Begleiter ihres Alltags. Aber: Man lernt von ihnen nicht nur Lifehacks oder wie man die besten Sandwiches macht, sondern \u00fcbernimmt auch Meinungen oder Einstellungen. Und dann ist da noch das Thema Werbung. Denn viele Influencer lassen sich daf\u00fcr bezahlen, bestimmte Produkte zu bewerben. Oder sie haben gleich ihr eigenes Mode- oder Produktlabel. In dieser Umfrage geht es darum, wie wir uns \u2013 wissentlich oder unwissentlich \u2013 von Influencern beeinflussen lassen.<\/p>\n\n\n\n<figure class=\"wp-block-audio\"><audio controls src=\"https:\/\/www.lkjbw.de\/blog\/wp-content\/uploads\/2025\/05\/Influencer-beeinflussen1.mp3\"><\/audio><\/figure>\n\n\n\n<h3>5. Sommeressen<\/h3>\n\n\n\n<p>Die Sonne scheint, die Tage werden wieder l\u00e4nger und w\u00e4rmer. Schluss mit den schweren Eint\u00f6pfen und Suppen, die uns w\u00e4hrend der kalten Monate warmgehalten haben. Jetzt ist wieder Zeit f\u00fcr sommerliches Essen. Was kommt bei Dir und bei Ihnen auf den Teller, wenn aus dem Fr\u00fchling so langsam ein Sommer wird? Irgendwelche Favoriten? Gibt es irgendwelche hei\u00dfe \u2026 \u00e4h \u2026 abk\u00fchlende Tipps?<\/p>\n\n\n\n<figure class=\"wp-block-audio\"><audio controls src=\"https:\/\/www.lkjbw.de\/blog\/wp-content\/uploads\/2025\/05\/sommeressen1.mp3\"><\/audio><\/figure>\n\n\n\n<h3>6. Trends auf Social Media<\/h3>\n\n\n\n<p>Ein Trend, der sich in den letzten Jahren herausgebildet hat, wird immer st\u00e4rker: Wir verbringen mittlerweile mehr Zeit in den Sozialen Medien als mit Freunden und Bekannten im wirklichen Leben. Doch wie viel Zeit kommt so pro Tag oder pro Woche zusammen? Und welche Plattformen nutzen wir daf\u00fcr? Dies wird im ersten Teil dieses Beitrags behandelt. Im zweiten Teil werden dann auch die Schattenseiten aufgezeigt, die Soziale Medien haben k\u00f6nnen.<\/p>\n\n\n\n<figure class=\"wp-block-audio\"><audio controls src=\"https:\/\/www.lkjbw.de\/blog\/wp-content\/uploads\/2025\/05\/Trends-auf-Social-Media1.mp3\"><\/audio><\/figure>\n\n\n\n<h3>7. Wie sp\u00fcren wir den Klimawandel?<\/h3>\n\n\n\n<p>Das Klima wandelt sich. Daran zweifelt kaum noch jemand. Und f\u00fcr diejenigen, die heute jung sind, wird der Wandel in den n\u00e4chsten Jahren und Jahrzehnten noch sehr dramatisch werden. Aber wer heute 15 Jahre alt ist, kennt nat\u00fcrlich nur das Jetzt und die Prognosen f\u00fcr die Zukunft. Ganz anders geht es denjenigen, die schon etwas \u00e4lter sind und vergleichen k\u00f6nnen, wie sich das Klima in den letzten Jahrzehnten schon ver\u00e4ndert hat. In dieser Umfrage kommen einige von ihnen zu Wort.<\/p>\n\n\n\n<figure class=\"wp-block-audio\"><audio controls src=\"https:\/\/www.lkjbw.de\/blog\/wp-content\/uploads\/2025\/05\/woran-merken-wir-den-Klimawandel1.mp3\"><\/audio><\/figure>\n","protected":false},"excerpt":{"rendered":"<p>Den Startschuss des Medienprojektes \u201eRadio im Klassenzimmer\u201c machte im April 2025 das Albertus-Magnus-Gymnasium in Ettlingen wo eine sehr engagierte Lehrkraft und 24 Sch\u00fcler*innen der achten Klasse unsere beiden Medienreferenten empfingen. Nach der gemeinsamen Redaktionssitzung, in der alles rund ums Radio mit seinen verschiedenen Beitragsformen besprochen und Technisches gekl\u00e4rt wurde, gingen die Jugendlichen in sieben Kleingruppen&#8230; <a class=\"moretag\" href=\"https:\/\/www.lkjbw.de\/blog\/2025\/04\/albertus-magnus-gymnasium-ettlingen-2\/\"> weiterlesen &raquo;<\/a><\/p>\n","protected":false},"author":16,"featured_media":8900,"comment_status":"closed","ping_status":"closed","sticky":false,"template":"","format":"standard","meta":[],"categories":[1],"tags":[],"_links":{"self":[{"href":"https:\/\/www.lkjbw.de\/blog\/wp-json\/wp\/v2\/posts\/8891"}],"collection":[{"href":"https:\/\/www.lkjbw.de\/blog\/wp-json\/wp\/v2\/posts"}],"about":[{"href":"https:\/\/www.lkjbw.de\/blog\/wp-json\/wp\/v2\/types\/post"}],"author":[{"embeddable":true,"href":"https:\/\/www.lkjbw.de\/blog\/wp-json\/wp\/v2\/users\/16"}],"replies":[{"embeddable":true,"href":"https:\/\/www.lkjbw.de\/blog\/wp-json\/wp\/v2\/comments?post=8891"}],"version-history":[{"count":2,"href":"https:\/\/www.lkjbw.de\/blog\/wp-json\/wp\/v2\/posts\/8891\/revisions"}],"predecessor-version":[{"id":8901,"href":"https:\/\/www.lkjbw.de\/blog\/wp-json\/wp\/v2\/posts\/8891\/revisions\/8901"}],"wp:featuredmedia":[{"embeddable":true,"href":"https:\/\/www.lkjbw.de\/blog\/wp-json\/wp\/v2\/media\/8900"}],"wp:attachment":[{"href":"https:\/\/www.lkjbw.de\/blog\/wp-json\/wp\/v2\/media?parent=8891"}],"wp:term":[{"taxonomy":"category","embeddable":true,"href":"https:\/\/www.lkjbw.de\/blog\/wp-json\/wp\/v2\/categories?post=8891"},{"taxonomy":"post_tag","embeddable":true,"href":"https:\/\/www.lkjbw.de\/blog\/wp-json\/wp\/v2\/tags?post=8891"}],"curies":[{"name":"wp","href":"https:\/\/api.w.org\/{rel}","templated":true}]}}