{"id":8902,"date":"2025-05-13T14:31:00","date_gmt":"2025-05-13T12:31:00","guid":{"rendered":"https:\/\/www.lkjbw.de\/blog\/?p=8902"},"modified":"2025-05-26T15:43:56","modified_gmt":"2025-05-26T13:43:56","slug":"muehlbachschule-schemmerhofen-2","status":"publish","type":"post","link":"https:\/\/www.lkjbw.de\/blog\/2025\/05\/muehlbachschule-schemmerhofen-2\/","title":{"rendered":"M\u00fchlbachschule Schemmerhofen"},"content":{"rendered":"\n<p>Mitte Mai besuchte unser Medienprojekt \u201eRadio im Klassenzimmer\u201c die M\u00fchlbachschule in Schemmerhofen. Die 30 Sch\u00fcler*innen des Profilfachs Musik hatten sich im Vorfeld bereits viele Gedanken zu den Themen der eigenen Beitr\u00e4ge gemacht, sodass in der morgendlichen Redaktionssitzung lediglich die Basics gekl\u00e4rt werden mussten, bevor die acht Kleingruppen auch schon ans Machen gingen. Fragen wurden formuliert und gefeilt, mit den Aufnahmeger\u00e4ten vertraut gemacht und schon gingen die ersten Gruppen in der Schule oder auch im Ortskern von Schemmerhofen auf Stimmfang. Bei den Themen gab es wie immer eine bunte Auswahl, doch zeigten sich hier zwei klare Tendenzen: Schule, Lernen, Stress und auf der anderen Seite die Sehnsucht nach dem Sommer!<\/p>\n\n\n<div class=\"wp-block-image\">\n<figure class=\"alignleft size-medium\"><img loading=\"lazy\" width=\"300\" height=\"225\" src=\"https:\/\/www.lkjbw.de\/blog\/wp-content\/uploads\/2025\/05\/RiK25-2-Schemmerhofen-4-300x225.jpg\" alt=\"\" class=\"wp-image-8911 colorbox-8902\" srcset=\"https:\/\/www.lkjbw.de\/blog\/wp-content\/uploads\/2025\/05\/RiK25-2-Schemmerhofen-4-300x225.jpg 300w, https:\/\/www.lkjbw.de\/blog\/wp-content\/uploads\/2025\/05\/RiK25-2-Schemmerhofen-4-1024x768.jpg 1024w, https:\/\/www.lkjbw.de\/blog\/wp-content\/uploads\/2025\/05\/RiK25-2-Schemmerhofen-4-1536x1152.jpg 1536w, https:\/\/www.lkjbw.de\/blog\/wp-content\/uploads\/2025\/05\/RiK25-2-Schemmerhofen-4-2048x1536.jpg 2048w, https:\/\/www.lkjbw.de\/blog\/wp-content\/uploads\/2025\/05\/RiK25-2-Schemmerhofen-4-233x175.jpg 233w, https:\/\/www.lkjbw.de\/blog\/wp-content\/uploads\/2025\/05\/RiK25-2-Schemmerhofen-4-300x225@2x.jpg 600w\" sizes=\"(max-width: 300px) 100vw, 300px\" \/><\/figure><\/div>\n\n\n<p>An Tag 2 wurden dann alle Aufnahmen gesichtet, gespeichert und sortiert, um den anschlie\u00dfenden Schnittvorgang nicht noch komplizierter zu machen. Hier und auch beim formulierten der An- und Abmoderationen, die nochmals aufgenommen, geschnitten und an den Anfang und das Ende des Beitrags geschnitten werden m\u00fcssen, zeigte sich die Gruppe als bemerkenswert eigenverantwortlich und selbstst\u00e4ndig. Das hat unsere Referenten beeindruckt und wir finden, das h\u00f6rt man auch<\/p>\n\n\n\n<p>Hier nochmal alle Beitr\u00e4ge zum Anh\u00f6ren:<\/p>\n\n\n\n<h3>1. Sommer-Glow-up<\/h3>\n\n\n\n<p>Wenn im Fr\u00fchjahr die Temperaturen steigen und so langsam der Sommer beginnt, wirft sich nicht nur die Natur frisch in Schale. Auch wir Menschen versuchen, uns ein sommerliches \u00c4u\u00dferes zu geben. Zeit also f\u00fcr einen ordentlichen <em>Sommer-Glow-up<\/em>! Doch wie sieht der aus? Was tun wir, um uns selbst in unser sommerliches Abbild zu verwandeln?<\/p>\n\n\n\n<figure class=\"wp-block-audio\"><audio controls src=\"https:\/\/www.lkjbw.de\/blog\/wp-content\/uploads\/2025\/05\/Sommer-Glowup.mp3\"><\/audio><\/figure>\n\n\n\n<h3>2. Handyzeit<\/h3>\n\n\n\n<p>Pl\u00e4ne f\u00fcr heute Abend? Mal auf\u2019s Handy schauen, was die Anderen so machen \u2026 Wetter? Auf\u2019m Handy Wetter-App checken \u2026 Bus versp\u00e4tet? Bisschen Handyspiele zum Zeitvertreib \u2026 Wenn wir mal schauen, wie viel Zeit wir jeden Tag mit dem Handy verbringen, kommt ganz sch\u00f6n was zusammen. Wie viel genau? Und welche Apps werden haupts\u00e4chlich genutzt? Und gibt es irgendeinen Weg, mal ein bisschen weniger aufs Handy zu gucken? Mit diesen Fragen besch\u00e4ftigt sich dieser Beitrag.<\/p>\n\n\n\n<figure class=\"wp-block-audio\"><audio controls src=\"https:\/\/www.lkjbw.de\/blog\/wp-content\/uploads\/2025\/05\/Handyzeit.mp3\"><\/audio><\/figure>\n\n\n\n<h3>3. Perfekter Gartentag<\/h3>\n\n\n\n<p>Je n\u00e4her der Sommer r\u00fcckt, desto mehr steigen die Temperaturen und desto l\u00e4nger werden die Tage. F\u00fcr die Gl\u00fccklichen, die einen eigenen Garten besitzen, beginnt nun au\u00dferdem wieder die Zeit, wo man zumindest einen Teil des Tages im Freien verbringt. In diesem Beitrag erz\u00e4hlen einige Menschen, wie ihr perfekter Tag im eigenen Garten aussieht.<\/p>\n\n\n\n<figure class=\"wp-block-audio\"><audio controls src=\"https:\/\/www.lkjbw.de\/blog\/wp-content\/uploads\/2025\/05\/pperfekter-Gartentag.mp3\"><\/audio><\/figure>\n\n\n\n<h3>4. Bucket List f\u00fcr den Sommer<\/h3>\n\n\n\n<p>Diesen Sommer werde ich endlich mal \u2026 Ja, was denn? M\u00f6glichkeiten gibt es ja genug. Dinge, die man nur im Sommer tun kann. Dinge, auf die man sich vielleicht schon seit Monaten gefreut hat. Hier kommt sie nun also, die Bucket List f\u00fcr den Sommer 2025. Denn die Gruppe hat sich auf den Weg gemacht und ganz viele Menschen dar\u00fcber befragt, was sie diesen Sommer auf jeden Fall tun wollen.<\/p>\n\n\n\n<figure class=\"wp-block-audio\"><audio controls src=\"https:\/\/www.lkjbw.de\/blog\/wp-content\/uploads\/2025\/05\/Bucketlist_fuer-den-Sommer.mp3\"><\/audio><\/figure>\n\n\n\n<h3>5. Kampfsport in der Schule<\/h3>\n\n\n\n<p>Kampfsportarten wie Taekwondo, Karate oder auch Aikido erfreuen sich gro\u00dfer Beliebtheit. Meistens werden sie in speziellen Sportschulen betrieben. Im Schulunterricht kommen sie hingegen kaum vor. Aber wie w\u00e4re das, eine Kampfsport-AG in der Schule? In diesem Beitrag erz\u00e4hlen einige Menschen, ob sie sich das vorstellen k\u00f6nnen oder eher nicht. Eine gro\u00dfe Rolle spielt dabei nat\u00fcrlich die Bef\u00fcrchtung die Viele haben d\u00fcrften, wenn\u2019s um Kampfsport geht: F\u00fchren solche Sportarten zu mehr Gewalt?<\/p>\n\n\n\n<figure class=\"wp-block-audio\"><audio controls src=\"https:\/\/www.lkjbw.de\/blog\/wp-content\/uploads\/2025\/05\/Kampfsport-in-der-Schule.mp3\"><\/audio><\/figure>\n\n\n\n<h3>6. Sommer zu Hause<\/h3>\n\n\n\n<p>Sommerzeit \u2013 Urlaubszeit! So manch einer kann sich Sommerferien ohne eine Reise gar nicht vorstellen, ob es nun eine gro\u00dfe oder eine kleine Reise ist. Doch es gibt Menschen, die nicht verreisen k\u00f6nnen oder wollen, sei es nun wegen dem Geld, wegen der Arbeit oder aus ganz anderen Gr\u00fcnden. Aber das muss ja nicht gleich hei\u00dfen, dass man den Sommer nicht genie\u00dfen kann. In diesem Beitrag werden eine ganze Reihe von M\u00f6glichkeiten genannt, die auf diejenigen warten, die in den Ferien zu Hause bleiben.<\/p>\n\n\n\n<figure class=\"wp-block-audio\"><audio controls src=\"https:\/\/www.lkjbw.de\/blog\/wp-content\/uploads\/2025\/05\/Sommer-zu-Hause.mp3\"><\/audio><\/figure>\n\n\n\n<h3>7. Lerntipps<\/h3>\n\n\n\n<p>Nochmal kurz vor der Klassenarbeit zweihundert Vokabeln reinpauken? Oder lieber jeden Tag f\u00fcnf Vokabeln lernen? Alles auf kleine Karteikarten schreiben? Oder ein riesiges Lernposter anlegen? Jeder hat wohl so seine Strategie, wenn es ums Lernen geht. Gleichzeitig ist es nie zu sp\u00e4t, noch ein paar richtig gute Tipps zu h\u00f6ren. Hier sind einige davon!<\/p>\n\n\n\n<figure class=\"wp-block-audio\"><audio controls src=\"https:\/\/www.lkjbw.de\/blog\/wp-content\/uploads\/2025\/05\/Lerntipps.mp3\"><\/audio><\/figure>\n\n\n\n<h3>8. Schulstress<\/h3>\n\n\n\n<p>Blo\u00df kein Stress! Ja, leicht gesagt. Aber leider ist es gar nicht so einfach, sich im Schulalltag an diesen beruhigenden Satz zu erinnern. Denn leider kommen stressige Situationen in der Schule gar nicht so selten vor. Und dies gilt f\u00fcr Sch\u00fcler ebenso wie f\u00fcr Lehrer, wie sie in diesem Beitrag erz\u00e4hlen. Daf\u00fcr gibt es aber auch ein paar gute Methoden, den Stress auch wieder abzuschalten oder hinter sich zu lassen. Auch davon gibt es einige zu h\u00f6ren. Also, nochmal: Blo\u00df kein Stress!<\/p>\n\n\n\n<figure class=\"wp-block-audio\"><audio controls src=\"https:\/\/www.lkjbw.de\/blog\/wp-content\/uploads\/2025\/05\/Schulstress.mp3\"><\/audio><\/figure>\n\n\n\n<p><\/p>\n","protected":false},"excerpt":{"rendered":"<p>Mitte Mai besuchte unser Medienprojekt \u201eRadio im Klassenzimmer\u201c die M\u00fchlbachschule in Schemmerhofen. Die 30 Sch\u00fcler*innen des Profilfachs Musik hatten sich im Vorfeld bereits viele Gedanken zu den Themen der eigenen Beitr\u00e4ge gemacht, sodass in der morgendlichen Redaktionssitzung lediglich die Basics gekl\u00e4rt werden mussten, bevor die acht Kleingruppen auch schon ans Machen gingen. Fragen wurden formuliert&#8230; <a class=\"moretag\" href=\"https:\/\/www.lkjbw.de\/blog\/2025\/05\/muehlbachschule-schemmerhofen-2\/\"> weiterlesen &raquo;<\/a><\/p>\n","protected":false},"author":16,"featured_media":8911,"comment_status":"closed","ping_status":"closed","sticky":false,"template":"","format":"standard","meta":[],"categories":[1],"tags":[],"_links":{"self":[{"href":"https:\/\/www.lkjbw.de\/blog\/wp-json\/wp\/v2\/posts\/8902"}],"collection":[{"href":"https:\/\/www.lkjbw.de\/blog\/wp-json\/wp\/v2\/posts"}],"about":[{"href":"https:\/\/www.lkjbw.de\/blog\/wp-json\/wp\/v2\/types\/post"}],"author":[{"embeddable":true,"href":"https:\/\/www.lkjbw.de\/blog\/wp-json\/wp\/v2\/users\/16"}],"replies":[{"embeddable":true,"href":"https:\/\/www.lkjbw.de\/blog\/wp-json\/wp\/v2\/comments?post=8902"}],"version-history":[{"count":3,"href":"https:\/\/www.lkjbw.de\/blog\/wp-json\/wp\/v2\/posts\/8902\/revisions"}],"predecessor-version":[{"id":8914,"href":"https:\/\/www.lkjbw.de\/blog\/wp-json\/wp\/v2\/posts\/8902\/revisions\/8914"}],"wp:featuredmedia":[{"embeddable":true,"href":"https:\/\/www.lkjbw.de\/blog\/wp-json\/wp\/v2\/media\/8911"}],"wp:attachment":[{"href":"https:\/\/www.lkjbw.de\/blog\/wp-json\/wp\/v2\/media?parent=8902"}],"wp:term":[{"taxonomy":"category","embeddable":true,"href":"https:\/\/www.lkjbw.de\/blog\/wp-json\/wp\/v2\/categories?post=8902"},{"taxonomy":"post_tag","embeddable":true,"href":"https:\/\/www.lkjbw.de\/blog\/wp-json\/wp\/v2\/tags?post=8902"}],"curies":[{"name":"wp","href":"https:\/\/api.w.org\/{rel}","templated":true}]}}