{"id":9025,"date":"2025-06-13T15:20:00","date_gmt":"2025-06-13T13:20:00","guid":{"rendered":"https:\/\/www.lkjbw.de\/blog\/?p=9025"},"modified":"2025-10-13T15:35:40","modified_gmt":"2025-10-13T13:35:40","slug":"20-landesweiter-schuelerradiotag-baden-wuerttemberg-am-26-09-2025","status":"publish","type":"post","link":"https:\/\/www.lkjbw.de\/blog\/2025\/06\/20-landesweiter-schuelerradiotag-baden-wuerttemberg-am-26-09-2025\/","title":{"rendered":"20. Landesweiter Sch\u00fclerRadioTag Baden W\u00fcrttemberg am 26.09.2025"},"content":{"rendered":"\n<p>Am 26. September 2025 werden wir gemeinsam nicht nur ganz viel Audio, Medien und Radio machen , sondern auch feiern \u2013Denn die Landesvereinigung Kulturelle Jugendbildung (LKJ) Baden-W\u00fcrttemberg e.V. feiert gemeinsam mit ihren Partner*innen 20 Jahre Sch\u00fclerRadioTag. Bereits zum 20. Mal laden wir radiointeressierte Sch\u00fcler*innen und deren Lehrkr\u00e4fte aus ganz Baden-W\u00fcrttemberg ein, an der Hochschule die Medien in Stuttgart unter professioneller Anleitung unserer 20 Workshop-Leitenden zu lernen.<\/p>\n\n\n\n<p>Begann der Sch\u00fclerRadioTag 2005 noch mit klassischem Schulradio, Jingels und Kampagnen, werden 2025 Sounds designt, eine Live Sendung samt Nachrichten, Songauswahl, Reportagen und Live Moderationen auf die Beige gestellt, Podcasts und H\u00f6rspiele Produziert, Interviews und Umfragen gebaut, gef\u00fchrt und geschnitten, Journalistisch gearbeitet, Fake News entgegen recherchiert, an DJ Pults gemischt und das alles wird zeitgleich von den Jugendlichen auf Instagram aufbereitet. Dabei erhalten sie neben Informationen zu vielen verschiedenen Medienberufen von den Profis direkt auch ganz viel Praxiserfahrung und Raum die eigenen Interessen zu thematisieren. In den gemischten Gruppen aller Schularten, Alter und Region k\u00f6nnen sich mit anderen Jugendlichen austauschen und kooperieren.<\/p>\n\n\n<div class=\"wp-block-image\">\n<figure class=\"alignleft size-full\"><img loading=\"lazy\" width=\"437\" height=\"474\" src=\"https:\/\/www.lkjbw.de\/blog\/wp-content\/uploads\/2025\/10\/SRT-BLOGBILD-2025.png\" alt=\"\" class=\"wp-image-9027 colorbox-9025\" srcset=\"https:\/\/www.lkjbw.de\/blog\/wp-content\/uploads\/2025\/10\/SRT-BLOGBILD-2025.png 437w, https:\/\/www.lkjbw.de\/blog\/wp-content\/uploads\/2025\/10\/SRT-BLOGBILD-2025-277x300.png 277w, https:\/\/www.lkjbw.de\/blog\/wp-content\/uploads\/2025\/10\/SRT-BLOGBILD-2025-161x175.png 161w\" sizes=\"(max-width: 437px) 100vw, 437px\" \/><\/figure><\/div>\n\n\n<p>Das Angebot richtet sich sowohl an Neulinge, die eine Radio-AG an ihrer Schule etablieren oder Audioprojekte ansto\u00dfen wollen, als auch an Jugendliche mit Erfahrung, die ihr Know-how ausbauen und mit wertvollen Tipps von Expert*innen erweitern wollen. Der Sch\u00fclerRadioTag wird gef\u00f6rdert von der <a href=\"https:\/\/www.lfk.de\/\" target=\"_blank\" rel=\"noreferrer noopener\">LFK, der Medienanstalt f\u00fcr Baden-W\u00fcrttemberg<\/a>. Kooperationspartner sind die Hochschule der Medien Stuttgart, der Radiosender bigFM, das Hochschulradio HORADS 88,6 und das POP-B\u00fcro Region Stuttgart.<\/p>\n\n\n\n<p>Zum Jubil\u00e4um sind nat\u00fcrlich auch noch weitere Specials geplant. Manche sind noch geheim, aber die Einladungen zum Festakt mit allen Projekt- und Medienpartner*innen, Vertreter*innen der Politik und Medienp\u00e4dagogik in Baden-W\u00fcrttemberg sind bereits verschickt und ein interessantes Programm ist in Planung.<\/p>\n\n\n\n<p>Die Teilnahme am Sch\u00fclerRadioTag ist kostenfrei! Gruppen und Einzelteilnehmer*innen k\u00f6nnen sich ab jetzt und bis sp\u00e4testens zum 20. September 2023 anmelden, wobei eine schnelle Anmeldung aufgrund der begrenzten und begehrten Pl\u00e4tze sehr ratsam ist. Weitere Informationen zum Sch\u00fclerRadioTag, das diesj\u00e4hrige Programm und den Anmeldebogen gibt es unter:<a href=\"https:\/\/www.lkjbw.de\/schule-kultur-medien\/schuelerradiotag\"> www.lkjbw.de\/schuelerradiotag.<\/a> Beispiele zum Nachh\u00f6ren vom letzten Sch\u00fclerRadioTag gibt es <a href=\"https:\/\/www.lkjbw.de\/blog\/2023\/06\/landesweiter-schuelerradiotag-am-29-september-2023\/\" target=\"_blank\" rel=\"noreferrer noopener\">hier.<\/a><\/p>\n","protected":false},"excerpt":{"rendered":"<p>Am 26. September 2025 werden wir gemeinsam nicht nur ganz viel Audio, Medien und Radio machen , sondern auch feiern \u2013Denn die Landesvereinigung Kulturelle Jugendbildung (LKJ) Baden-W\u00fcrttemberg e.V. feiert gemeinsam mit ihren Partner*innen 20 Jahre Sch\u00fclerRadioTag. Bereits zum 20. Mal laden wir radiointeressierte Sch\u00fcler*innen und deren Lehrkr\u00e4fte aus ganz Baden-W\u00fcrttemberg ein, an der Hochschule die&#8230; <a class=\"moretag\" href=\"https:\/\/www.lkjbw.de\/blog\/2025\/06\/20-landesweiter-schuelerradiotag-baden-wuerttemberg-am-26-09-2025\/\"> weiterlesen &raquo;<\/a><\/p>\n","protected":false},"author":16,"featured_media":9027,"comment_status":"closed","ping_status":"closed","sticky":false,"template":"","format":"standard","meta":[],"categories":[4],"tags":[],"_links":{"self":[{"href":"https:\/\/www.lkjbw.de\/blog\/wp-json\/wp\/v2\/posts\/9025"}],"collection":[{"href":"https:\/\/www.lkjbw.de\/blog\/wp-json\/wp\/v2\/posts"}],"about":[{"href":"https:\/\/www.lkjbw.de\/blog\/wp-json\/wp\/v2\/types\/post"}],"author":[{"embeddable":true,"href":"https:\/\/www.lkjbw.de\/blog\/wp-json\/wp\/v2\/users\/16"}],"replies":[{"embeddable":true,"href":"https:\/\/www.lkjbw.de\/blog\/wp-json\/wp\/v2\/comments?post=9025"}],"version-history":[{"count":1,"href":"https:\/\/www.lkjbw.de\/blog\/wp-json\/wp\/v2\/posts\/9025\/revisions"}],"predecessor-version":[{"id":9028,"href":"https:\/\/www.lkjbw.de\/blog\/wp-json\/wp\/v2\/posts\/9025\/revisions\/9028"}],"wp:featuredmedia":[{"embeddable":true,"href":"https:\/\/www.lkjbw.de\/blog\/wp-json\/wp\/v2\/media\/9027"}],"wp:attachment":[{"href":"https:\/\/www.lkjbw.de\/blog\/wp-json\/wp\/v2\/media?parent=9025"}],"wp:term":[{"taxonomy":"category","embeddable":true,"href":"https:\/\/www.lkjbw.de\/blog\/wp-json\/wp\/v2\/categories?post=9025"},{"taxonomy":"post_tag","embeddable":true,"href":"https:\/\/www.lkjbw.de\/blog\/wp-json\/wp\/v2\/tags?post=9025"}],"curies":[{"name":"wp","href":"https:\/\/api.w.org\/{rel}","templated":true}]}}