{"id":9098,"date":"2025-07-23T17:44:00","date_gmt":"2025-07-23T15:44:00","guid":{"rendered":"https:\/\/www.lkjbw.de\/blog\/?p=9098"},"modified":"2025-12-02T16:12:26","modified_gmt":"2025-12-02T14:12:26","slug":"eichendorffschule-stuttgart-bad-cannstatt","status":"publish","type":"post","link":"https:\/\/www.lkjbw.de\/blog\/2025\/07\/eichendorffschule-stuttgart-bad-cannstatt\/","title":{"rendered":"Eichendorffschule Stuttgart-Bad Cannstatt"},"content":{"rendered":"\n<p>Wie immer vor den Sommerferien fanden auch an der Eichendorffschule in Stuttgart vor den Sommerferien die Projekttage statt, zu denen das Medienprojekt Radio im Klassenzimmer geplant wurde. Da diese allerdings stets ohne Mittagsunterricht stattfinden, das Projekt mit dem doch nicht zu untersch\u00e4tzenden Arbeitsaufwand, die Zeit ben\u00f6tigt, kam eines unserer Medienreferenten kurzerhand einen Tag vorab vorbei, um mit der Gruppe vorzuarbeiten, Themen zu finden und Gruppen zu bilden.<\/p>\n\n\n<div class=\"wp-block-image\">\n<figure class=\"alignleft size-medium\"><img loading=\"lazy\" width=\"300\" height=\"200\" src=\"https:\/\/www.lkjbw.de\/blog\/wp-content\/uploads\/2025\/12\/DSC2842-300x200.jpg\" alt=\"Eine Tafel mit der RiK Tabelle: Mikrofon, Schere, Text, Mund und vielen Haken dahinter\" class=\"wp-image-9136 colorbox-9098\" srcset=\"https:\/\/www.lkjbw.de\/blog\/wp-content\/uploads\/2025\/12\/DSC2842-300x200.jpg 300w, https:\/\/www.lkjbw.de\/blog\/wp-content\/uploads\/2025\/12\/DSC2842-1024x683.jpg 1024w, https:\/\/www.lkjbw.de\/blog\/wp-content\/uploads\/2025\/12\/DSC2842-1536x1024.jpg 1536w, https:\/\/www.lkjbw.de\/blog\/wp-content\/uploads\/2025\/12\/DSC2842-2048x1365.jpg 2048w, https:\/\/www.lkjbw.de\/blog\/wp-content\/uploads\/2025\/12\/DSC2842-345x230.jpg 345w, https:\/\/www.lkjbw.de\/blog\/wp-content\/uploads\/2025\/12\/DSC2842-250x167.jpg 250w, https:\/\/www.lkjbw.de\/blog\/wp-content\/uploads\/2025\/12\/DSC2842-300x200@2x.jpg 600w\" sizes=\"(max-width: 300px) 100vw, 300px\" \/><\/figure><\/div>\n\n\n<p>Das war eine sehr gute Entscheidung, denn die Gruppe bestand nicht wie oft aus einer Klasse, sondern Sch\u00fcler*innen verschiedener Stufen, die das Thema ausgew\u00e4hlt hatten. So konnten an den beiden folgenden Tagen die f\u00fcnf Beitr\u00e4ge zu ganz unterschiedlichen Themen fertig gestellt werden. Dabei entstanden Beitr\u00e4ge \u00fcber die Projektwochen, zu Inflation, Kampfsport, Filmen und Serien &#8211; so unterschiedlich wie die Sch\u00fcler*innen selbst. Von Informationen zu Filmtipps, pers\u00f6nlichen Erfahrungen und allgemeinen Infos war wieder alles dabei &#8211; aber h\u00f6rt selbst:<\/p>\n\n\n\n<p><\/p>\n\n\n\n<h3>1. und 2. Projektwoche<\/h3>\n\n\n\n<p>Jedes Jahr findet an der Eichendorffschule in Stuttgart-Bad Cannstatt kurz vor den Sommerferien Projektwoche statt. Dabei werden verschiedene Workshops angeboten. Von der Architektur \u00fcber Tanz und der Erkundung der Stadt Stuttgart stehen ganz unterschiedliche Schwerpunkte auf dem Programm. Die Sch\u00fclerinnen und Sch\u00fcler k\u00f6nnen sich zu einem beliebigen Workshop anmelden. Zwei Gruppen unseres Radioteams haben sich umgesehen und mit Workshopleitungen sowie mit Sch\u00fclerinnen und Sch\u00fclern \u00fcber ihre Aktivit\u00e4ten w\u00e4hrend der Projektwoche gesprochen.<\/p>\n\n\n\n<figure class=\"wp-block-audio\"><audio controls src=\"https:\/\/www.lkjbw.de\/blog\/wp-content\/uploads\/2025\/11\/Projektwoche-1.mp3\"><\/audio><\/figure>\n\n\n\n<figure class=\"wp-block-audio\"><audio controls src=\"https:\/\/www.lkjbw.de\/blog\/wp-content\/uploads\/2025\/11\/Projektwoche_2_Beitrag.mp3\"><\/audio><\/figure>\n\n\n\n<h3>2. Inflation<\/h3>\n\n\n\n<p>Auch f\u00fcr Jugendliche ist die Inflation sp\u00fcrbar. Zwar m\u00fcssen die meisten von ihnen nicht f\u00fcr eine ganze Familie einkaufen, aber wenn man sich mal einen Snack f\u00fcr die Pause kaufen will oder auch mal einen D\u00f6ner, merkt man sehr schnell, wie extrem die Preise in den letzten Jahren gestiegen sind. In diesem Beitrag erz\u00e4hlen Kundinnen und Kunden eines Supermarkts wie sehr die Inflation ihr Kaufverhalten beeinflusst hat und ob sie wegen der h\u00f6heren Preise auf gewisse Dinge ganz verzichten m\u00fcssen.<\/p>\n\n\n\n<figure class=\"wp-block-audio\"><audio controls src=\"https:\/\/www.lkjbw.de\/blog\/wp-content\/uploads\/2025\/11\/Inflation_Beitrag.mp3\"><\/audio><\/figure>\n\n\n\n<h3>3. Kampfsport<\/h3>\n\n\n\n<p>Jugendliche finden Kampfsportarten wie Judo oder Taekwondo faszinierend. Das hat mit der M\u00f6glichkeit zu tun, die Kr\u00e4fte mit Anderen zu messen. In diesem Beitrag verraten Jugendliche und Erwachsene, was sie am Kampfsport besonders faszinierend finden. Dabei ist nicht nur der sportliche Aspekt wichtig, sondern auch das, was der Kampfsport mit denjenigen macht, die in aus\u00fcben. Viele sagen, dass dieser Sport ihr Selbstvertrauen vergr\u00f6\u00dfert hat und auch das Sicherheitsgef\u00fchl, wenn sie alleine unterwegs sind.<\/p>\n\n\n\n<figure class=\"wp-block-audio\"><audio controls src=\"https:\/\/www.lkjbw.de\/blog\/wp-content\/uploads\/2025\/11\/Kampfsport_Beitrag.mp3\"><\/audio><\/figure>\n\n\n\n<h3>4. Filme<\/h3>\n\n\n\n<p>Fast jeder hat einen Lieblingsfilm, den er oder sie schon viele Male gesehen hat. Lieblingsfilme zeichnen sich vor allem dadurch aus, dass sie nie langweilig werden. In dieser Umfrage nennen einige Menschen ihre ganz pers\u00f6nlichen Lieblingsfilme und begr\u00fcnden, was an diesen Filmen sie so toll und faszinierend finden.<\/p>\n\n\n\n<figure class=\"wp-block-audio\"><audio controls src=\"https:\/\/www.lkjbw.de\/blog\/wp-content\/uploads\/2025\/11\/Lieblingsfilm_Beitrag.mp3\"><\/audio><\/figure>\n\n\n\n<h3>5. Serien<\/h3>\n\n\n\n<p>Auf <em>Netflix<\/em>, <em>Prime<\/em> oder auch <em>Disney+<\/em> gibt es mittlerweile ein un\u00fcberschaubares Angebot an Serien. Wer blickt da noch durch? Die Sch\u00fclerinnen und Sch\u00fcler dieser Gruppe haben sich auf die Suche nach besonders empfehlenswerten Serien gemacht und daf\u00fcr mit Mitsch\u00fcler*innen und Lehrer*innen gesprochen. Habt ihr Lieblingsserien? Was macht diese Serien so besonders? Und schaut ihr manchmal Serien, die f\u00fcr euer Alter eigentlich noch gar nicht freigegeben sind?<\/p>\n\n\n\n<figure class=\"wp-block-audio\"><audio controls src=\"https:\/\/www.lkjbw.de\/blog\/wp-content\/uploads\/2025\/11\/Serien_Beitrag.mp3\"><\/audio><\/figure>\n\n\n\n<p><\/p>\n\n\n\n<p><\/p>\n","protected":false},"excerpt":{"rendered":"<p>Wie immer vor den Sommerferien fanden auch an der Eichendorffschule in Stuttgart vor den Sommerferien die Projekttage statt, zu denen das Medienprojekt Radio im Klassenzimmer geplant wurde. Da diese allerdings stets ohne Mittagsunterricht stattfinden, das Projekt mit dem doch nicht zu untersch\u00e4tzenden Arbeitsaufwand, die Zeit ben\u00f6tigt, kam eines unserer Medienreferenten kurzerhand einen Tag vorab vorbei,&#8230; <a class=\"moretag\" href=\"https:\/\/www.lkjbw.de\/blog\/2025\/07\/eichendorffschule-stuttgart-bad-cannstatt\/\"> weiterlesen &raquo;<\/a><\/p>\n","protected":false},"author":16,"featured_media":0,"comment_status":"closed","ping_status":"closed","sticky":false,"template":"","format":"standard","meta":[],"categories":[1],"tags":[],"_links":{"self":[{"href":"https:\/\/www.lkjbw.de\/blog\/wp-json\/wp\/v2\/posts\/9098"}],"collection":[{"href":"https:\/\/www.lkjbw.de\/blog\/wp-json\/wp\/v2\/posts"}],"about":[{"href":"https:\/\/www.lkjbw.de\/blog\/wp-json\/wp\/v2\/types\/post"}],"author":[{"embeddable":true,"href":"https:\/\/www.lkjbw.de\/blog\/wp-json\/wp\/v2\/users\/16"}],"replies":[{"embeddable":true,"href":"https:\/\/www.lkjbw.de\/blog\/wp-json\/wp\/v2\/comments?post=9098"}],"version-history":[{"count":2,"href":"https:\/\/www.lkjbw.de\/blog\/wp-json\/wp\/v2\/posts\/9098\/revisions"}],"predecessor-version":[{"id":9138,"href":"https:\/\/www.lkjbw.de\/blog\/wp-json\/wp\/v2\/posts\/9098\/revisions\/9138"}],"wp:attachment":[{"href":"https:\/\/www.lkjbw.de\/blog\/wp-json\/wp\/v2\/media?parent=9098"}],"wp:term":[{"taxonomy":"category","embeddable":true,"href":"https:\/\/www.lkjbw.de\/blog\/wp-json\/wp\/v2\/categories?post=9098"},{"taxonomy":"post_tag","embeddable":true,"href":"https:\/\/www.lkjbw.de\/blog\/wp-json\/wp\/v2\/tags?post=9098"}],"curies":[{"name":"wp","href":"https:\/\/api.w.org\/{rel}","templated":true}]}}