{"id":9184,"date":"2025-12-03T10:19:00","date_gmt":"2025-12-03T08:19:00","guid":{"rendered":"https:\/\/www.lkjbw.de\/blog\/?p=9184"},"modified":"2026-02-03T10:50:59","modified_gmt":"2026-02-03T08:50:59","slug":"dietrich-bonhoeffer-schule-weinheim","status":"publish","type":"post","link":"https:\/\/www.lkjbw.de\/blog\/2025\/12\/dietrich-bonhoeffer-schule-weinheim\/","title":{"rendered":"Dietrich-Bonhoeffer-Schule Weinheim"},"content":{"rendered":"<div class=\"wp-block-image\">\n<figure class=\"aligncenter size-large is-resized\"><img loading=\"lazy\" src=\"https:\/\/www.lkjbw.de\/blog\/wp-content\/uploads\/2026\/02\/DSC_1512-1024x683.jpg\" alt=\"laminierte Karten sind mit Magneten an eine Schultafel geh\u00e4ngt. Auf den Karten stehen Kriterien f\u00fcr seri\u00f6se Berichterstattung, beispielsweise Subjektivit\u00e4t, unsachliche Sprache, Verharmlosung.\" class=\"wp-image-9185 colorbox-9184\" width=\"-250\" height=\"-166\" srcset=\"https:\/\/www.lkjbw.de\/blog\/wp-content\/uploads\/2026\/02\/DSC_1512-1024x683.jpg 1024w, https:\/\/www.lkjbw.de\/blog\/wp-content\/uploads\/2026\/02\/DSC_1512-300x200.jpg 300w, https:\/\/www.lkjbw.de\/blog\/wp-content\/uploads\/2026\/02\/DSC_1512-1536x1024.jpg 1536w, https:\/\/www.lkjbw.de\/blog\/wp-content\/uploads\/2026\/02\/DSC_1512-2048x1365.jpg 2048w, https:\/\/www.lkjbw.de\/blog\/wp-content\/uploads\/2026\/02\/DSC_1512-345x230.jpg 345w, https:\/\/www.lkjbw.de\/blog\/wp-content\/uploads\/2026\/02\/DSC_1512-250x167.jpg 250w, https:\/\/www.lkjbw.de\/blog\/wp-content\/uploads\/2026\/02\/DSC_1512-300x200@2x.jpg 600w\" sizes=\"(max-width: 1024px) 100vw, 1024px\" \/><\/figure><\/div>\n\n\n<p>An der Dietrich-Bonhoeffer-Schule, einem Schulverbund aus Grund-, Werkreal- und Realschule sowie Gymnasium, fand ein dreit\u00e4giger Workshop zum Thema Fake News und Verschw\u00f6rungsmythen statt. Teilgenommen haben Sch\u00fcler*innen der achten Jahrgangsstufe der dreiz\u00fcgigen Realschule. \u00dcber alle drei Tage hinweg arbeiteten die meisten Teilnehmenden engagiert und motiviert mit, stellten zahlreiche Fragen und beteiligten sich an intensiven Diskussionen.<\/p>\n\n\n\n<p>Der erste Workshoptag stand im Zeichen des Kennenlernens und der inhaltlichen Einf\u00fchrung. Im Fokus lagen die Sensibilisierung f\u00fcr Nachrichten und deren Kan\u00e4le sowie die theoretische Auseinandersetzung mit der Definition und Bedeutung von Fake News und Verschw\u00f6rungsmythen. Um den theoretischen Input aufzulockern, wurden praktische \u00dcbungen eingebaut. Die Sch\u00fcler*innen erstellten unter anderem ein Fake-Foto und einen Fake-Chat und nahmen an bewegungsorientierten \u00dcbungen im Klassenraum teil. W\u00e4hrend des gesamten Vormittags kam es zu einem aktiven Austausch, in dem die Jugendlichen ihre eigenen Erfahrungen einbrachten. In den praktischen Phasen arbeiteten sie konzentriert und erzielten \u00fcberzeugende Ergebnisse.<\/p>\n\n\n\n<p>Am zweiten Tag lag der Schwerpunkt auf der Entwicklung eigener Verschw\u00f6rungserz\u00e4hlungen und deren technischer Umsetzung mit dem iPad. Nach einem kurzen technischen Input sammelten die Sch\u00fcler*innen in Kleingruppen praktische Erfahrungen in der Medienarbeit. Dabei ging es um Kameraeinstellungen, die 5-Shot-Technik sowie das Filmen von Stra\u00dfen- und Experteninterviews. Einige der \u00dcbungsergebnisse wurden im Plenum vorgestellt und gemeinsam reflektiert, insbesondere im Hinblick auf Arbeitsweisen und m\u00f6gliche Fehlerquellen beim Filmen. Anschlie\u00dfend erarbeiteten die Gruppen Drehpl\u00e4ne, auf deren Grundlage sie im Schulhaus und auf dem Schulgel\u00e4nde die einzelnen Clips f\u00fcr ihre Geschichten aufnahmen.<\/p>\n\n\n\n<p>Der dritte Workshoptag diente der Fertigstellung der Filme. Die Gruppen arbeiteten weiter an ihren Projekten, schnitten das Material und setzten ihre Ideen final um. Entstanden sind mehrere kurze Filme mit teils sehr kreativen und einfallsreichen Ans\u00e4tzen. Zum Abschluss des Workshops wurden die Ergebnisse im Plenum pr\u00e4sentiert. Die Vorf\u00fchrungen bildeten einen gelungenen Abschluss, bei dem die Filme der einzelnen Gruppen mit Applaus gew\u00fcrdigt wurden. Das Feedback der Klasse fiel insgesamt positiv aus; insbesondere der theoretische Input, der h\u00e4ufig kritisch gesehen wird, wurde nur von wenigen Teilnehmenden als zu lang empfunden.<\/p>\n","protected":false},"excerpt":{"rendered":"<p>An der Dietrich-Bonhoeffer-Schule, einem Schulverbund aus Grund-, Werkreal- und Realschule sowie Gymnasium, fand ein dreit\u00e4giger Workshop zum Thema Fake News und Verschw\u00f6rungsmythen statt. Teilgenommen haben Sch\u00fcler*innen der achten Jahrgangsstufe der dreiz\u00fcgigen Realschule. \u00dcber alle drei Tage hinweg arbeiteten die meisten Teilnehmenden engagiert und motiviert mit, stellten zahlreiche Fragen und beteiligten sich an intensiven Diskussionen. Der&#8230; <a class=\"moretag\" href=\"https:\/\/www.lkjbw.de\/blog\/2025\/12\/dietrich-bonhoeffer-schule-weinheim\/\"> weiterlesen &raquo;<\/a><\/p>\n","protected":false},"author":19,"featured_media":9185,"comment_status":"closed","ping_status":"closed","sticky":false,"template":"","format":"standard","meta":[],"categories":[38],"tags":[],"_links":{"self":[{"href":"https:\/\/www.lkjbw.de\/blog\/wp-json\/wp\/v2\/posts\/9184"}],"collection":[{"href":"https:\/\/www.lkjbw.de\/blog\/wp-json\/wp\/v2\/posts"}],"about":[{"href":"https:\/\/www.lkjbw.de\/blog\/wp-json\/wp\/v2\/types\/post"}],"author":[{"embeddable":true,"href":"https:\/\/www.lkjbw.de\/blog\/wp-json\/wp\/v2\/users\/19"}],"replies":[{"embeddable":true,"href":"https:\/\/www.lkjbw.de\/blog\/wp-json\/wp\/v2\/comments?post=9184"}],"version-history":[{"count":2,"href":"https:\/\/www.lkjbw.de\/blog\/wp-json\/wp\/v2\/posts\/9184\/revisions"}],"predecessor-version":[{"id":9187,"href":"https:\/\/www.lkjbw.de\/blog\/wp-json\/wp\/v2\/posts\/9184\/revisions\/9187"}],"wp:featuredmedia":[{"embeddable":true,"href":"https:\/\/www.lkjbw.de\/blog\/wp-json\/wp\/v2\/media\/9185"}],"wp:attachment":[{"href":"https:\/\/www.lkjbw.de\/blog\/wp-json\/wp\/v2\/media?parent=9184"}],"wp:term":[{"taxonomy":"category","embeddable":true,"href":"https:\/\/www.lkjbw.de\/blog\/wp-json\/wp\/v2\/categories?post=9184"},{"taxonomy":"post_tag","embeddable":true,"href":"https:\/\/www.lkjbw.de\/blog\/wp-json\/wp\/v2\/tags?post=9184"}],"curies":[{"name":"wp","href":"https:\/\/api.w.org\/{rel}","templated":true}]}}